{"id":15568,"date":"2023-09-15T06:27:11","date_gmt":"2023-09-15T06:27:11","guid":{"rendered":"https:\/\/rehabot.es\/?p=15568"},"modified":"2023-09-15T06:27:13","modified_gmt":"2023-09-15T06:27:13","slug":"terapia-neurologica-infantil","status":"publish","type":"post","link":"https:\/\/rehabot.es\/es\/terapia-neurologica-infantil\/","title":{"rendered":"Terapia Neurol\u00f3gica Infantil"},"content":{"rendered":"\n<p>\u00bfAlguna vez te has preguntado c\u00f3mo funciona la terapia neurol\u00f3gica infantil y c\u00f3mo puede marcar la diferencia en la vida de un ni\u00f1o?&nbsp;<\/p>\n\n\n\n<p>En este art\u00edculo, te sumergiremos en el apasionante mundo de la neurolog\u00eda pedi\u00e1trica, la fisioterapia neurol\u00f3gica y la rehabilitaci\u00f3n neurol\u00f3gica.&nbsp;<\/p>\n\n\n\n<p>Descubrir\u00e1s c\u00f3mo estas terapias pueden abrir puertas a un futuro m\u00e1s saludable para nuestros peque\u00f1os tesoros.<\/p>\n\n\n\n<h2 class=\"wp-block-heading\"><strong>\u00bfQu\u00e9 es la Terapia Neurol\u00f3gica Infantil?<\/strong><\/h2>\n\n\n\n<p>La terapia neurol\u00f3gica infantil es un enfoque integral para el tratamiento de trastornos neurol\u00f3gicos en ni\u00f1os.&nbsp;<\/p>\n\n\n\n<p>Se basa en la idea de que el cerebro es maleable y puede adaptarse y cambiar a lo largo del tiempo, especialmente en los primeros a\u00f1os de vida.<\/p>\n\n\n\n<p>Esta terapia utiliza una variedad de enfoques, incluida la fisioterapia neurol\u00f3gica y la rehabilitaci\u00f3n neurol\u00f3gica, para ayudar a los ni\u00f1os a desarrollar habilidades motoras, cognitivas y emocionales.<\/p>\n\n\n\n<h2 class=\"wp-block-heading\"><strong>La importancia de la Fisioterapia Neurol\u00f3gica<\/strong><\/h2>\n\n\n\n<p>La fisioterapia neurol\u00f3gica es una parte crucial de la terapia neurol\u00f3gica infantil.&nbsp;<\/p>\n\n\n\n<p>Se centra en mejorar la funci\u00f3n motora y la fuerza muscular en ni\u00f1os con afecciones neurol\u00f3gicas.&nbsp;<\/p>\n\n\n\n<p>Los fisioterapeutas trabajan en estrecha colaboraci\u00f3n con los pacientes y sus familias para desarrollar programas de ejercicios personalizados que ayuden a los ni\u00f1os a alcanzar sus metas.<\/p>\n\n\n\n<h3 class=\"wp-block-heading\"><strong>Beneficios de la Terapia Neurol\u00f3gica Infantil<\/strong><\/h3>\n\n\n\n<p>Ahora que comprendemos las bases de la terapia neurol\u00f3gica infantil, es esencial conocer los beneficios que puede aportar a nuestros peque\u00f1os. Algunos de los beneficios clave incluyen:<\/p>\n\n\n\n<p>Mejora en la movilidad: La fisioterapia neurol\u00f3gica ayuda a los ni\u00f1os a desarrollar habilidades motoras, lo que les permite moverse con mayor facilidad y autonom\u00eda.<\/p>\n\n\n\n<p>Desarrollo cognitivo: La terapia neurol\u00f3gica puede estimular el cerebro de los ni\u00f1os, promoviendo el desarrollo de habilidades cognitivas y ayud\u00e1ndolos a alcanzar su m\u00e1ximo potencial acad\u00e9mico.<\/p>\n\n\n\n<p>Independencia: La rehabilitaci\u00f3n neurol\u00f3gica ayuda a los ni\u00f1os a adquirir habilidades que les permiten ser m\u00e1s independientes en su vida diaria.<\/p>\n\n\n\n<h3 class=\"wp-block-heading\"><strong>Avances de la Terapia Neurol\u00f3gica Pedi\u00e1trica<\/strong><\/h3>\n\n\n\n<p>La terapia neurol\u00f3gica infantil no solo beneficia a los ni\u00f1os en el presente, sino que tambi\u00e9n es una inversi\u00f3n en su futuro.&nbsp;<\/p>\n\n\n\n<p>Los avances en el campo de la neurolog\u00eda pedi\u00e1trica y la terapia neurol\u00f3gica contin\u00faan brindando esperanza a las familias que enfrentan desaf\u00edos neurol\u00f3gicos.<\/p>\n\n\n\n<h3 class=\"wp-block-heading\"><strong>Conclusiones sobre la Terapia Neurol\u00f3gica Infantil<\/strong><\/h3>\n\n\n\n<p>En resumen, la terapia neurol\u00f3gica infantil es una herramienta invaluable para mejorar la vida de nuestros peque\u00f1os.&nbsp;<\/p>\n\n\n\n<p>Desde la neurolog\u00eda pedi\u00e1trica hasta la fisioterapia neurol\u00f3gica y la rehabilitaci\u00f3n neurol\u00f3gica, estas terapias ofrecen esperanza y cuidado a ni\u00f1os que enfrentan desaf\u00edos neurol\u00f3gicos.&nbsp;<\/p>\n\n\n\n<p>En nuestra cl\u00ednica de neurorehabilitaci\u00f3n, estamos comprometidos en ofrecer los mejores servicios de terapia neurol\u00f3gica infantil.&nbsp;<\/p>\n\n\n\n<p>Nuestro equipo de especialistas en neurolog\u00eda pedi\u00e1trica, fisioterapia neurol\u00f3gica y rehabilitaci\u00f3n neurol\u00f3gica est\u00e1 aqu\u00ed para apoyarte en cada paso del camino.&nbsp;<\/p>\n\n\n\n<div class=\"wp-block-group alignfull has-text-color has-background\" style=\"color:#000000;background-color:#abb7c261\"><div class=\"wp-block-group__inner-container is-layout-flow wp-block-group-is-layout-flow\">\n<div style=\"height:64px\" aria-hidden=\"true\" class=\"wp-block-spacer\"><\/div>\n\n\n\n<p class=\"has-text-align-center has-text-color\" style=\"color:#08478a\">D\u00e9janos tus datos para comenzar tu tratamiento<\/p>\n\n\n\n<h4 class=\"wp-block-heading has-text-align-center has-text-color\" id=\"schedule-a-visit\" style=\"color:#08478a;font-size:59px;line-height:1.15\"><strong>Primera consulta <strong><u>GRATIS<\/u><\/strong><\/strong><\/h4>\n\n\n\n<div class=\"wp-block-columns is-layout-flex wp-container-core-columns-is-layout-9d6595d7 wp-block-columns-is-layout-flex\">\n<div class=\"wp-block-column is-layout-flow wp-block-column-is-layout-flow\" style=\"flex-basis:25%\"><\/div>\n\n\n\n<div class=\"wp-block-column is-layout-flow wp-block-column-is-layout-flow\" style=\"flex-basis:50%\">\n<div class=\"wp-block-contact-form-7-contact-form-selector\">[contact-form-7 id=\u00bb71816f7&#8243; title=\u00bbContacto\u00bb]<\/div>\n<\/div>\n\n\n\n<div class=\"wp-block-column is-layout-flow wp-block-column-is-layout-flow\" style=\"flex-basis:25%\"><\/div>\n<\/div>\n\n\n\n<div class=\"wp-block-buttons is-horizontal is-content-justification-center is-layout-flex wp-container-core-buttons-is-layout-499968f5 wp-block-buttons-is-layout-flex\"><\/div>\n\n\n\n<div style=\"height:64px\" aria-hidden=\"true\" class=\"wp-block-spacer\"><\/div>\n<\/div><\/div>\n","protected":false},"excerpt":{"rendered":"<p>\u00bfAlguna vez te has preguntado c\u00f3mo funciona la terapia neurol\u00f3gica infantil y c\u00f3mo puede marcar la diferencia en la vida<\/p>\n","protected":false},"author":2,"featured_media":14372,"comment_status":"open","ping_status":"closed","sticky":false,"template":"","format":"standard","meta":{"footnotes":""},"categories":[246,249],"tags":[],"class_list":["post-15568","post","type-post","status-publish","format-standard","has-post-thumbnail","hentry","category-neurorrehabilitacion","category-rehabilitacion"],"yoast_head":"<!-- This site is optimized with the Yoast SEO plugin v27.4 - https:\/\/yoast.com\/product\/yoast-seo-wordpress\/ -->\n<title>Terapia Neurol\u00f3gica Infantil - Cl\u00ednica M\u00e9dica Rehabot<\/title>\n<meta name=\"description\" content=\"En este art\u00edculo, te ense\u00f1amos qu\u00e9 es la neurolog\u00eda pedi\u00e1trica, la fisioterapia neurol\u00f3gica y la rehabilitaci\u00f3n neurol\u00f3gica.\u00a0\u00a1Ll\u00e1manos!\" \/>\n<meta name=\"robots\" content=\"index, follow, max-snippet:-1, max-image-preview:large, max-video-preview:-1\" \/>\n<link rel=\"canonical\" href=\"https:\/\/rehabot.es\/es\/terapia-neurologica-infantil\/\" \/>\n<meta property=\"og:locale\" content=\"es_ES\" \/>\n<meta property=\"og:type\" content=\"article\" \/>\n<meta property=\"og:title\" content=\"Terapia Neurol\u00f3gica Infantil - Cl\u00ednica M\u00e9dica Rehabot\" \/>\n<meta property=\"og:description\" content=\"En este art\u00edculo, te ense\u00f1amos qu\u00e9 es la neurolog\u00eda pedi\u00e1trica, la fisioterapia neurol\u00f3gica y la rehabilitaci\u00f3n neurol\u00f3gica.\u00a0\u00a1Ll\u00e1manos!\" \/>\n<meta property=\"og:url\" content=\"https:\/\/rehabot.es\/es\/terapia-neurologica-infantil\/\" \/>\n<meta property=\"og:site_name\" content=\"Rehabot\" \/>\n<meta property=\"article:published_time\" content=\"2023-09-15T06:27:11+00:00\" \/>\n<meta property=\"article:modified_time\" content=\"2023-09-15T06:27:13+00:00\" \/>\n<meta property=\"og:image\" content=\"https:\/\/rehabot.es\/wp-content\/uploads\/2023\/06\/sesion-terapia-ocupacional-dano-neurologico.jpg\" \/>\n\t<meta property=\"og:image:width\" content=\"1000\" \/>\n\t<meta property=\"og:image:height\" content=\"666\" \/>\n\t<meta property=\"og:image:type\" content=\"image\/jpeg\" \/>\n<meta name=\"author\" content=\"Marcos James Penfold\" \/>\n<meta name=\"twitter:card\" content=\"summary_large_image\" \/>\n<meta name=\"twitter:label1\" content=\"Escrito por\" \/>\n\t<meta name=\"twitter:data1\" content=\"Marcos James Penfold\" \/>\n\t<meta name=\"twitter:label2\" content=\"Tiempo de lectura\" \/>\n\t<meta name=\"twitter:data2\" content=\"2 minutos\" \/>\n<script type=\"application\/ld+json\" class=\"yoast-schema-graph\">{\"@context\":\"https:\\\/\\\/schema.org\",\"@graph\":[{\"@type\":\"Article\",\"@id\":\"https:\\\/\\\/rehabot.es\\\/es\\\/terapia-neurologica-infantil\\\/#article\",\"isPartOf\":{\"@id\":\"https:\\\/\\\/rehabot.es\\\/es\\\/terapia-neurologica-infantil\\\/\"},\"author\":{\"name\":\"Marcos James Penfold\",\"@id\":\"https:\\\/\\\/rehabot.es\\\/#\\\/schema\\\/person\\\/21e3d781d53c09dadc3f1c67fb2cca81\"},\"headline\":\"Terapia Neurol\u00f3gica Infantil\",\"datePublished\":\"2023-09-15T06:27:11+00:00\",\"dateModified\":\"2023-09-15T06:27:13+00:00\",\"mainEntityOfPage\":{\"@id\":\"https:\\\/\\\/rehabot.es\\\/es\\\/terapia-neurologica-infantil\\\/\"},\"wordCount\":544,\"commentCount\":0,\"publisher\":{\"@id\":\"https:\\\/\\\/rehabot.es\\\/#organization\"},\"image\":{\"@id\":\"https:\\\/\\\/rehabot.es\\\/es\\\/terapia-neurologica-infantil\\\/#primaryimage\"},\"thumbnailUrl\":\"https:\\\/\\\/rehabot.es\\\/wp-content\\\/uploads\\\/2023\\\/06\\\/sesion-terapia-ocupacional-dano-neurologico.jpg\",\"articleSection\":[\"Neurorrehabilitaci\u00f3n\",\"Rehabilitaci\u00f3n\"],\"inLanguage\":\"es\",\"potentialAction\":[{\"@type\":\"CommentAction\",\"name\":\"Comment\",\"target\":[\"https:\\\/\\\/rehabot.es\\\/es\\\/terapia-neurologica-infantil\\\/#respond\"]}]},{\"@type\":\"WebPage\",\"@id\":\"https:\\\/\\\/rehabot.es\\\/es\\\/terapia-neurologica-infantil\\\/\",\"url\":\"https:\\\/\\\/rehabot.es\\\/es\\\/terapia-neurologica-infantil\\\/\",\"name\":\"Terapia Neurol\u00f3gica Infantil - Cl\u00ednica M\u00e9dica Rehabot\",\"isPartOf\":{\"@id\":\"https:\\\/\\\/rehabot.es\\\/#website\"},\"primaryImageOfPage\":{\"@id\":\"https:\\\/\\\/rehabot.es\\\/es\\\/terapia-neurologica-infantil\\\/#primaryimage\"},\"image\":{\"@id\":\"https:\\\/\\\/rehabot.es\\\/es\\\/terapia-neurologica-infantil\\\/#primaryimage\"},\"thumbnailUrl\":\"https:\\\/\\\/rehabot.es\\\/wp-content\\\/uploads\\\/2023\\\/06\\\/sesion-terapia-ocupacional-dano-neurologico.jpg\",\"datePublished\":\"2023-09-15T06:27:11+00:00\",\"dateModified\":\"2023-09-15T06:27:13+00:00\",\"description\":\"En este art\u00edculo, te ense\u00f1amos qu\u00e9 es la neurolog\u00eda pedi\u00e1trica, la fisioterapia neurol\u00f3gica y la rehabilitaci\u00f3n neurol\u00f3gica.\u00a0\u00a1Ll\u00e1manos!\",\"breadcrumb\":{\"@id\":\"https:\\\/\\\/rehabot.es\\\/es\\\/terapia-neurologica-infantil\\\/#breadcrumb\"},\"inLanguage\":\"es\",\"potentialAction\":[{\"@type\":\"ReadAction\",\"target\":[\"https:\\\/\\\/rehabot.es\\\/es\\\/terapia-neurologica-infantil\\\/\"]}]},{\"@type\":\"ImageObject\",\"inLanguage\":\"es\",\"@id\":\"https:\\\/\\\/rehabot.es\\\/es\\\/terapia-neurologica-infantil\\\/#primaryimage\",\"url\":\"https:\\\/\\\/rehabot.es\\\/wp-content\\\/uploads\\\/2023\\\/06\\\/sesion-terapia-ocupacional-dano-neurologico.jpg\",\"contentUrl\":\"https:\\\/\\\/rehabot.es\\\/wp-content\\\/uploads\\\/2023\\\/06\\\/sesion-terapia-ocupacional-dano-neurologico.jpg\",\"width\":1000,\"height\":666,\"caption\":\"sesion-terapia-ocupacional-da\u00f1o-neurologico\"},{\"@type\":\"BreadcrumbList\",\"@id\":\"https:\\\/\\\/rehabot.es\\\/es\\\/terapia-neurologica-infantil\\\/#breadcrumb\",\"itemListElement\":[{\"@type\":\"ListItem\",\"position\":1,\"name\":\"Home\",\"item\":\"https:\\\/\\\/rehabot.es\\\/es\\\/\"},{\"@type\":\"ListItem\",\"position\":2,\"name\":\"Terapia Neurol\u00f3gica Infantil\"}]},{\"@type\":\"WebSite\",\"@id\":\"https:\\\/\\\/rehabot.es\\\/#website\",\"url\":\"https:\\\/\\\/rehabot.es\\\/\",\"name\":\"Rehabot - Neurological Rehabilitation in Malaga\",\"description\":\"Rehabilitaci\u00f3n Neurol\u00f3gica en la Costa del Sol\",\"publisher\":{\"@id\":\"https:\\\/\\\/rehabot.es\\\/#organization\"},\"potentialAction\":[{\"@type\":\"SearchAction\",\"target\":{\"@type\":\"EntryPoint\",\"urlTemplate\":\"https:\\\/\\\/rehabot.es\\\/?s={search_term_string}\"},\"query-input\":{\"@type\":\"PropertyValueSpecification\",\"valueRequired\":true,\"valueName\":\"search_term_string\"}}],\"inLanguage\":\"es\"},{\"@type\":\"Organization\",\"@id\":\"https:\\\/\\\/rehabot.es\\\/#organization\",\"name\":\"Rehabot - Neurological Rehabilitation in Malaga\",\"alternateName\":\"Rehabot - Occupational Therapist Rehabilitation in Malaga\",\"url\":\"https:\\\/\\\/rehabot.es\\\/\",\"logo\":{\"@type\":\"ImageObject\",\"inLanguage\":\"es\",\"@id\":\"https:\\\/\\\/rehabot.es\\\/#\\\/schema\\\/logo\\\/image\\\/\",\"url\":\"https:\\\/\\\/rehabot.es\\\/wp-content\\\/uploads\\\/2021\\\/07\\\/icono.png\",\"contentUrl\":\"https:\\\/\\\/rehabot.es\\\/wp-content\\\/uploads\\\/2021\\\/07\\\/icono.png\",\"width\":80,\"height\":76,\"caption\":\"Rehabot - Neurological Rehabilitation in Malaga\"},\"image\":{\"@id\":\"https:\\\/\\\/rehabot.es\\\/#\\\/schema\\\/logo\\\/image\\\/\"}},{\"@type\":\"Person\",\"@id\":\"https:\\\/\\\/rehabot.es\\\/#\\\/schema\\\/person\\\/21e3d781d53c09dadc3f1c67fb2cca81\",\"name\":\"Marcos James Penfold\",\"image\":{\"@type\":\"ImageObject\",\"inLanguage\":\"es\",\"@id\":\"https:\\\/\\\/rehabot.es\\\/wp-content\\\/uploads\\\/2023\\\/08\\\/cropped-marcos-penfold-terapueta-ocupacional-96x96.webp\",\"url\":\"https:\\\/\\\/rehabot.es\\\/wp-content\\\/uploads\\\/2023\\\/08\\\/cropped-marcos-penfold-terapueta-ocupacional-96x96.webp\",\"contentUrl\":\"https:\\\/\\\/rehabot.es\\\/wp-content\\\/uploads\\\/2023\\\/08\\\/cropped-marcos-penfold-terapueta-ocupacional-96x96.webp\",\"caption\":\"Marcos James Penfold\"},\"description\":\"Marcos James Penfold, CEO of Rehab OT. Born in Marbella with British blood. Lover of the world of health and involved with his patients through the reinstatement of skills or abilities. He shows a functional vision of the patient and his occupational performance on a daily basis. Marcos James Penfold, CEO de Rehab OT. Nacido en Marbella con sangre brit\u00e1nica. Amante del mundo de la salud e implicado con sus pacientes mediante la reinstauraci\u00f3n de capacidades o habilidades. Muestra una visi\u00f3n funcional del paciente y de su desempe\u00f1o ocupacional en el d\u00eda a d\u00eda.\",\"sameAs\":[\"http:\\\/\\\/rehabot.es\"],\"url\":\"https:\\\/\\\/rehabot.es\\\/es\\\/author\\\/marcos\\\/\"}]}<\/script>\n<!-- \/ Yoast SEO plugin. -->","yoast_head_json":{"title":"Terapia Neurol\u00f3gica Infantil - Cl\u00ednica M\u00e9dica Rehabot","description":"En este art\u00edculo, te ense\u00f1amos qu\u00e9 es la neurolog\u00eda pedi\u00e1trica, la fisioterapia neurol\u00f3gica y la rehabilitaci\u00f3n neurol\u00f3gica.\u00a0\u00a1Ll\u00e1manos!","robots":{"index":"index","follow":"follow","max-snippet":"max-snippet:-1","max-image-preview":"max-image-preview:large","max-video-preview":"max-video-preview:-1"},"canonical":"https:\/\/rehabot.es\/es\/terapia-neurologica-infantil\/","og_locale":"es_ES","og_type":"article","og_title":"Terapia Neurol\u00f3gica Infantil - Cl\u00ednica M\u00e9dica Rehabot","og_description":"En este art\u00edculo, te ense\u00f1amos qu\u00e9 es la neurolog\u00eda pedi\u00e1trica, la fisioterapia neurol\u00f3gica y la rehabilitaci\u00f3n neurol\u00f3gica.\u00a0\u00a1Ll\u00e1manos!","og_url":"https:\/\/rehabot.es\/es\/terapia-neurologica-infantil\/","og_site_name":"Rehabot","article_published_time":"2023-09-15T06:27:11+00:00","article_modified_time":"2023-09-15T06:27:13+00:00","og_image":[{"width":1000,"height":666,"url":"https:\/\/rehabot.es\/wp-content\/uploads\/2023\/06\/sesion-terapia-ocupacional-dano-neurologico.jpg","type":"image\/jpeg"}],"author":"Marcos James Penfold","twitter_card":"summary_large_image","twitter_misc":{"Escrito por":"Marcos James Penfold","Tiempo de lectura":"2 minutos"},"schema":{"@context":"https:\/\/schema.org","@graph":[{"@type":"Article","@id":"https:\/\/rehabot.es\/es\/terapia-neurologica-infantil\/#article","isPartOf":{"@id":"https:\/\/rehabot.es\/es\/terapia-neurologica-infantil\/"},"author":{"name":"Marcos James Penfold","@id":"https:\/\/rehabot.es\/#\/schema\/person\/21e3d781d53c09dadc3f1c67fb2cca81"},"headline":"Terapia Neurol\u00f3gica Infantil","datePublished":"2023-09-15T06:27:11+00:00","dateModified":"2023-09-15T06:27:13+00:00","mainEntityOfPage":{"@id":"https:\/\/rehabot.es\/es\/terapia-neurologica-infantil\/"},"wordCount":544,"commentCount":0,"publisher":{"@id":"https:\/\/rehabot.es\/#organization"},"image":{"@id":"https:\/\/rehabot.es\/es\/terapia-neurologica-infantil\/#primaryimage"},"thumbnailUrl":"https:\/\/rehabot.es\/wp-content\/uploads\/2023\/06\/sesion-terapia-ocupacional-dano-neurologico.jpg","articleSection":["Neurorrehabilitaci\u00f3n","Rehabilitaci\u00f3n"],"inLanguage":"es","potentialAction":[{"@type":"CommentAction","name":"Comment","target":["https:\/\/rehabot.es\/es\/terapia-neurologica-infantil\/#respond"]}]},{"@type":"WebPage","@id":"https:\/\/rehabot.es\/es\/terapia-neurologica-infantil\/","url":"https:\/\/rehabot.es\/es\/terapia-neurologica-infantil\/","name":"Terapia Neurol\u00f3gica Infantil - Cl\u00ednica M\u00e9dica Rehabot","isPartOf":{"@id":"https:\/\/rehabot.es\/#website"},"primaryImageOfPage":{"@id":"https:\/\/rehabot.es\/es\/terapia-neurologica-infantil\/#primaryimage"},"image":{"@id":"https:\/\/rehabot.es\/es\/terapia-neurologica-infantil\/#primaryimage"},"thumbnailUrl":"https:\/\/rehabot.es\/wp-content\/uploads\/2023\/06\/sesion-terapia-ocupacional-dano-neurologico.jpg","datePublished":"2023-09-15T06:27:11+00:00","dateModified":"2023-09-15T06:27:13+00:00","description":"En este art\u00edculo, te ense\u00f1amos qu\u00e9 es la neurolog\u00eda pedi\u00e1trica, la fisioterapia neurol\u00f3gica y la rehabilitaci\u00f3n neurol\u00f3gica.\u00a0\u00a1Ll\u00e1manos!","breadcrumb":{"@id":"https:\/\/rehabot.es\/es\/terapia-neurologica-infantil\/#breadcrumb"},"inLanguage":"es","potentialAction":[{"@type":"ReadAction","target":["https:\/\/rehabot.es\/es\/terapia-neurologica-infantil\/"]}]},{"@type":"ImageObject","inLanguage":"es","@id":"https:\/\/rehabot.es\/es\/terapia-neurologica-infantil\/#primaryimage","url":"https:\/\/rehabot.es\/wp-content\/uploads\/2023\/06\/sesion-terapia-ocupacional-dano-neurologico.jpg","contentUrl":"https:\/\/rehabot.es\/wp-content\/uploads\/2023\/06\/sesion-terapia-ocupacional-dano-neurologico.jpg","width":1000,"height":666,"caption":"sesion-terapia-ocupacional-da\u00f1o-neurologico"},{"@type":"BreadcrumbList","@id":"https:\/\/rehabot.es\/es\/terapia-neurologica-infantil\/#breadcrumb","itemListElement":[{"@type":"ListItem","position":1,"name":"Home","item":"https:\/\/rehabot.es\/es\/"},{"@type":"ListItem","position":2,"name":"Terapia Neurol\u00f3gica Infantil"}]},{"@type":"WebSite","@id":"https:\/\/rehabot.es\/#website","url":"https:\/\/rehabot.es\/","name":"Rehabot - Neurological Rehabilitation in Malaga","description":"Rehabilitaci\u00f3n Neurol\u00f3gica en la Costa del Sol","publisher":{"@id":"https:\/\/rehabot.es\/#organization"},"potentialAction":[{"@type":"SearchAction","target":{"@type":"EntryPoint","urlTemplate":"https:\/\/rehabot.es\/?s={search_term_string}"},"query-input":{"@type":"PropertyValueSpecification","valueRequired":true,"valueName":"search_term_string"}}],"inLanguage":"es"},{"@type":"Organization","@id":"https:\/\/rehabot.es\/#organization","name":"Rehabot - Neurological Rehabilitation in Malaga","alternateName":"Rehabot - Occupational Therapist Rehabilitation in Malaga","url":"https:\/\/rehabot.es\/","logo":{"@type":"ImageObject","inLanguage":"es","@id":"https:\/\/rehabot.es\/#\/schema\/logo\/image\/","url":"https:\/\/rehabot.es\/wp-content\/uploads\/2021\/07\/icono.png","contentUrl":"https:\/\/rehabot.es\/wp-content\/uploads\/2021\/07\/icono.png","width":80,"height":76,"caption":"Rehabot - Neurological Rehabilitation in Malaga"},"image":{"@id":"https:\/\/rehabot.es\/#\/schema\/logo\/image\/"}},{"@type":"Person","@id":"https:\/\/rehabot.es\/#\/schema\/person\/21e3d781d53c09dadc3f1c67fb2cca81","name":"Marcos James Penfold","image":{"@type":"ImageObject","inLanguage":"es","@id":"https:\/\/rehabot.es\/wp-content\/uploads\/2023\/08\/cropped-marcos-penfold-terapueta-ocupacional-96x96.webp","url":"https:\/\/rehabot.es\/wp-content\/uploads\/2023\/08\/cropped-marcos-penfold-terapueta-ocupacional-96x96.webp","contentUrl":"https:\/\/rehabot.es\/wp-content\/uploads\/2023\/08\/cropped-marcos-penfold-terapueta-ocupacional-96x96.webp","caption":"Marcos James Penfold"},"description":"Marcos James Penfold, CEO of Rehab OT. Born in Marbella with British blood. Lover of the world of health and involved with his patients through the reinstatement of skills or abilities. He shows a functional vision of the patient and his occupational performance on a daily basis. Marcos James Penfold, CEO de Rehab OT. Nacido en Marbella con sangre brit\u00e1nica. Amante del mundo de la salud e implicado con sus pacientes mediante la reinstauraci\u00f3n de capacidades o habilidades. Muestra una visi\u00f3n funcional del paciente y de su desempe\u00f1o ocupacional en el d\u00eda a d\u00eda.","sameAs":["http:\/\/rehabot.es"],"url":"https:\/\/rehabot.es\/es\/author\/marcos\/"}]}},"_links":{"self":[{"href":"https:\/\/rehabot.es\/es\/wp-json\/wp\/v2\/posts\/15568","targetHints":{"allow":["GET"]}}],"collection":[{"href":"https:\/\/rehabot.es\/es\/wp-json\/wp\/v2\/posts"}],"about":[{"href":"https:\/\/rehabot.es\/es\/wp-json\/wp\/v2\/types\/post"}],"author":[{"embeddable":true,"href":"https:\/\/rehabot.es\/es\/wp-json\/wp\/v2\/users\/2"}],"replies":[{"embeddable":true,"href":"https:\/\/rehabot.es\/es\/wp-json\/wp\/v2\/comments?post=15568"}],"version-history":[{"count":2,"href":"https:\/\/rehabot.es\/es\/wp-json\/wp\/v2\/posts\/15568\/revisions"}],"predecessor-version":[{"id":15570,"href":"https:\/\/rehabot.es\/es\/wp-json\/wp\/v2\/posts\/15568\/revisions\/15570"}],"wp:featuredmedia":[{"embeddable":true,"href":"https:\/\/rehabot.es\/es\/wp-json\/wp\/v2\/media\/14372"}],"wp:attachment":[{"href":"https:\/\/rehabot.es\/es\/wp-json\/wp\/v2\/media?parent=15568"}],"wp:term":[{"taxonomy":"category","embeddable":true,"href":"https:\/\/rehabot.es\/es\/wp-json\/wp\/v2\/categories?post=15568"},{"taxonomy":"post_tag","embeddable":true,"href":"https:\/\/rehabot.es\/es\/wp-json\/wp\/v2\/tags?post=15568"}],"curies":[{"name":"wp","href":"https:\/\/api.w.org\/{rel}","templated":true}]}}