{"id":16276,"date":"2024-07-31T08:18:27","date_gmt":"2024-07-31T08:18:27","guid":{"rendered":"https:\/\/rehabot.es\/?p=16276"},"modified":"2024-07-31T08:18:31","modified_gmt":"2024-07-31T08:18:31","slug":"programas-rehabilitacion-neurologica-parkinson","status":"publish","type":"post","link":"https:\/\/rehabot.es\/es\/programas-rehabilitacion-neurologica-parkinson\/","title":{"rendered":"Programas de rehabilitaci\u00f3n neurol\u00f3gica para personas con enfermedad de Parkinson"},"content":{"rendered":"\n<p><strong><a href=\"https:\/\/rehabot.es\/parkinson-rehabilitation\/\">La enfermedad de Pa<\/a><a href=\"https:\/\/rehabot.es\/es\/rehabilitacion-parkinson\/\">r<\/a><a href=\"https:\/\/rehabot.es\/parkinson-rehabilitation\/\">kinson<\/a><\/strong>\u00a0es una enfermedad neurodegenerativa que afecta a millones de personas en todo el mundo. Sus s\u00edntomas, que incluyen temblores, rigidez muscular y problemas de equilibrio, pueden tener un impacto significativo en la calidad de vida de quienes la padecen.<\/p>\n\n\n\n<p>Sin embargo, en medio de los desaf\u00edos que plantea esta enfermedad, existen programas\u00a0<strong><a href=\"https:\/\/rehabot.es\/es\/contacto\/\">de rehabilitaci\u00f3n neurol\u00f3gica<\/a><\/strong>\u00a0dise\u00f1ados para ofrecer esperanza y mejorar la funci\u00f3n motora, cognitiva y emocional de las personas con Parkinson.<\/p>\n\n\n\n<h2 class=\"wp-block-heading\">Terapia de ejercicios espec\u00edfica para el Parkinson:<\/h2>\n\n\n\n<p>Este programa se centra en ejercicios dise\u00f1ados espec\u00edficamente para tratar los s\u00edntomas motores del Parkinson. Los pacientes participan en una variedad de actividades, que incluyen estiramientos, ejercicios de fortalecimiento muscular, entrenamiento de equilibrio y coordinaci\u00f3n, adaptados a sus necesidades individuales.<\/p>\n\n\n\n<p>La terapia de ejercicios no solo ayuda a mejorar la movilidad y la funci\u00f3n f\u00edsica, sino que tambi\u00e9n puede tener beneficios para la salud mental y emocional al promover la liberaci\u00f3n de endorfinas y reducir el estr\u00e9s y la ansiedad.<\/p>\n\n\n\n<h2 class=\"wp-block-heading\">Terapia de rehabilitaci\u00f3n del movimiento basada en la amplitud:<\/h2>\n\n\n\n<p>Este enfoque terap\u00e9utico se centra en mejorar la amplitud y fluidez del movimiento en personas con Parkinson. Emplea t\u00e9cnicas espec\u00edficas como la terapia BIG (Big Movement) y LOUD (Loud Voice) para ayudar a los pacientes a superar la rigidez y bradicinesia caracter\u00edsticas de la enfermedad.<\/p>\n\n\n\n<p>La terapia se realiza bajo la supervisi\u00f3n de fisioterapeutas y terapeutas ocupacionales especializados en Parkinson y puede incluir ejercicios en sesiones de rehabilitaci\u00f3n tanto individuales como grupales.<\/p>\n\n\n\n<h2 class=\"wp-block-heading\">Terapia de estimulaci\u00f3n cognitiva y sensorial:<\/h2>\n\n\n\n<p>El p\u00e1rkinson puede afectar las funciones cognitivas y sensoriales de una persona, como la memoria, la atenci\u00f3n y la percepci\u00f3n visual y espacial. Este programa se centra en mejorar estas funciones a trav\u00e9s de actividades dise\u00f1adas para estimular el cerebro y mantener la funci\u00f3n cognitiva.<\/p>\n\n\n\n<p>Los pacientes participan en juegos, rompecabezas, actividades art\u00edsticas y m\u00fasica, que ayudan a mantener el cerebro activo y comprometido. La terapia de estimulaci\u00f3n cognitiva y sensorial se puede realizar tanto de forma individual como en entornos de rehabilitaci\u00f3n grupal y puede complementar otros tratamientos y terapias m\u00e9dicas.<\/p>\n\n\n\n<h3 class=\"wp-block-heading\">Terapia de rehabilitaci\u00f3n del habla y la degluci\u00f3n:<\/h3>\n\n\n\n<p>El p\u00e1rkinson puede afectar la capacidad de una persona para hablar y tragar, lo que puede tener un impacto significativo en su calidad de vida. Este programa se centra en mejorar la articulaci\u00f3n, la voz y la capacidad de tragar mediante ejercicios de terapia del habla y t\u00e9cnicas de modificaci\u00f3n de la conducta.<\/p>\n\n\n\n<p>Los logopedas trabajan en estrecha colaboraci\u00f3n con otros profesionales sanitarios, como fisioterapeutas y dietistas, para ofrecer una atenci\u00f3n integral a los pacientes con p\u00e1rkinson. La terapia de rehabilitaci\u00f3n del habla y la degluci\u00f3n puede ayudar a mejorar la comunicaci\u00f3n y la alimentaci\u00f3n, lo que permite a los pacientes mantener su independencia y su calidad de vida.<\/p>\n\n\n\n<h3 class=\"wp-block-heading\">Terapia de Apoyo Psicol\u00f3gico y Emocional:<\/h3>\n\n\n\n<p>El p\u00e1rkinson puede tener un impacto significativo en la salud mental y emocional de una persona, provocando ansiedad, depresi\u00f3n y estr\u00e9s. Este programa se centra en brindar apoyo psicol\u00f3gico y emocional a los pacientes y sus familias, ayud\u00e1ndolos a afrontar los desaf\u00edos emocionales asociados con la enfermedad.<\/p>\n\n\n\n<p>Incluye terapia individual y grupal, asesoramiento sobre t\u00e9cnicas de afrontamiento y educaci\u00f3n sobre el Parkinson y sus efectos emocionales. La terapia de apoyo psicol\u00f3gico y emocional puede ayudar a los pacientes a adaptarse a los cambios en sus vidas y encontrar formas saludables de manejar el estr\u00e9s y la ansiedad.<\/p>\n\n\n\n<div class=\"wp-block-group alignfull has-text-color has-background\" style=\"color:#000000;background-color:#abb7c261\"><div class=\"wp-block-group__inner-container is-layout-flow wp-block-group-is-layout-flow\">\n<div style=\"height:64px\" aria-hidden=\"true\" class=\"wp-block-spacer\"><\/div>\n\n\n\n<p class=\"has-text-align-center has-text-color\" style=\"color:#08478a\">D\u00e9janos tus datos para comenzar tu tratamiento<\/p>\n\n\n\n<h4 class=\"wp-block-heading has-text-align-center has-text-color\" id=\"schedule-a-visit\" style=\"color:#08478a;font-size:59px;line-height:1.15\"><strong>Primera consulta <strong><u>GRATIS<\/u><\/strong><\/strong><\/h4>\n\n\n\n<div class=\"wp-block-columns is-layout-flex wp-container-core-columns-is-layout-9d6595d7 wp-block-columns-is-layout-flex\">\n<div class=\"wp-block-column is-layout-flow wp-block-column-is-layout-flow\" style=\"flex-basis:25%\"><\/div>\n\n\n\n<div class=\"wp-block-column is-layout-flow wp-block-column-is-layout-flow\" style=\"flex-basis:50%\">\n<div class=\"wp-block-contact-form-7-contact-form-selector\">[contact-form-7 id=\u00bb71816f7&#8243; title=\u00bbContacto\u00bb]<\/div>\n<\/div>\n\n\n\n<div class=\"wp-block-column is-layout-flow wp-block-column-is-layout-flow\" style=\"flex-basis:25%\"><\/div>\n<\/div>\n\n\n\n<div class=\"wp-block-buttons is-horizontal is-content-justification-center is-layout-flex wp-container-core-buttons-is-layout-499968f5 wp-block-buttons-is-layout-flex\"><\/div>\n\n\n\n<div style=\"height:64px\" aria-hidden=\"true\" class=\"wp-block-spacer\"><\/div>\n<\/div><\/div>\n","protected":false},"excerpt":{"rendered":"<p>La enfermedad de Parkinson\u00a0es una enfermedad neurodegenerativa que afecta a millones de personas en todo el mundo. Sus s\u00edntomas, que<\/p>\n","protected":false},"author":2,"featured_media":14339,"comment_status":"open","ping_status":"closed","sticky":false,"template":"","format":"standard","meta":{"footnotes":""},"categories":[248,245,256,246,249,257,1],"tags":[],"class_list":["post-16276","post","type-post","status-publish","format-standard","has-post-thumbnail","hentry","category-dano-neurologico","category-ictus","category-neurorehabilitation-2","category-neurorrehabilitacion","category-rehabilitacion","category-rehabilitation-2","category-rehabot"],"yoast_head":"<!-- This site is optimized with the Yoast SEO plugin v27.4 - https:\/\/yoast.com\/product\/yoast-seo-wordpress\/ -->\n<title>Programas de rehabilitaci\u00f3n neurol\u00f3gica para Parkinson<\/title>\n<meta name=\"description\" content=\"La enfermedad de Parkinson es una dolencia neurodegenerativa que afecta a millones de personas en todo el mundo. Existen programas de rehabilitaci\u00f3n neurol\u00f3gica dise\u00f1ados para ofrecer esperanza a las personas con Parkinson. Ll\u00e1manos.\" \/>\n<meta name=\"robots\" content=\"index, follow, max-snippet:-1, max-image-preview:large, max-video-preview:-1\" \/>\n<link rel=\"canonical\" href=\"https:\/\/rehabot.es\/es\/programas-rehabilitacion-neurologica-parkinson\/\" \/>\n<meta property=\"og:locale\" content=\"es_ES\" \/>\n<meta property=\"og:type\" content=\"article\" \/>\n<meta property=\"og:title\" content=\"Programas de rehabilitaci\u00f3n neurol\u00f3gica para Parkinson\" \/>\n<meta property=\"og:description\" content=\"La enfermedad de Parkinson es una dolencia neurodegenerativa que afecta a millones de personas en todo el mundo. Existen programas de rehabilitaci\u00f3n neurol\u00f3gica dise\u00f1ados para ofrecer esperanza a las personas con Parkinson. Ll\u00e1manos.\" \/>\n<meta property=\"og:url\" content=\"https:\/\/rehabot.es\/es\/programas-rehabilitacion-neurologica-parkinson\/\" \/>\n<meta property=\"og:site_name\" content=\"Rehabot\" \/>\n<meta property=\"article:published_time\" content=\"2024-07-31T08:18:27+00:00\" \/>\n<meta property=\"article:modified_time\" content=\"2024-07-31T08:18:31+00:00\" \/>\n<meta property=\"og:image\" content=\"https:\/\/rehabot.es\/wp-content\/uploads\/2023\/05\/rehabilitacion-post-ictus-terapia-ocupacional-ayuda.jpg\" \/>\n\t<meta property=\"og:image:width\" content=\"1000\" \/>\n\t<meta property=\"og:image:height\" content=\"666\" \/>\n\t<meta property=\"og:image:type\" content=\"image\/jpeg\" \/>\n<meta name=\"author\" content=\"Marcos James Penfold\" \/>\n<meta name=\"twitter:card\" content=\"summary_large_image\" \/>\n<meta name=\"twitter:label1\" content=\"Escrito por\" \/>\n\t<meta name=\"twitter:data1\" content=\"Marcos James Penfold\" \/>\n\t<meta name=\"twitter:label2\" content=\"Tiempo de lectura\" \/>\n\t<meta name=\"twitter:data2\" content=\"3 minutos\" \/>\n<script type=\"application\/ld+json\" class=\"yoast-schema-graph\">{\"@context\":\"https:\\\/\\\/schema.org\",\"@graph\":[{\"@type\":\"Article\",\"@id\":\"https:\\\/\\\/rehabot.es\\\/es\\\/programas-rehabilitacion-neurologica-parkinson\\\/#article\",\"isPartOf\":{\"@id\":\"https:\\\/\\\/rehabot.es\\\/es\\\/programas-rehabilitacion-neurologica-parkinson\\\/\"},\"author\":{\"name\":\"Marcos James Penfold\",\"@id\":\"https:\\\/\\\/rehabot.es\\\/#\\\/schema\\\/person\\\/21e3d781d53c09dadc3f1c67fb2cca81\"},\"headline\":\"Programas de rehabilitaci\u00f3n neurol\u00f3gica para personas con enfermedad de Parkinson\",\"datePublished\":\"2024-07-31T08:18:27+00:00\",\"dateModified\":\"2024-07-31T08:18:31+00:00\",\"mainEntityOfPage\":{\"@id\":\"https:\\\/\\\/rehabot.es\\\/es\\\/programas-rehabilitacion-neurologica-parkinson\\\/\"},\"wordCount\":651,\"commentCount\":0,\"publisher\":{\"@id\":\"https:\\\/\\\/rehabot.es\\\/#organization\"},\"image\":{\"@id\":\"https:\\\/\\\/rehabot.es\\\/es\\\/programas-rehabilitacion-neurologica-parkinson\\\/#primaryimage\"},\"thumbnailUrl\":\"https:\\\/\\\/rehabot.es\\\/wp-content\\\/uploads\\\/2023\\\/05\\\/rehabilitacion-post-ictus-terapia-ocupacional-ayuda.jpg\",\"articleSection\":[\"Da\u00f1o Neurol\u00f3gico\",\"Ictus\",\"neurorehabilitation\",\"Neurorrehabilitaci\u00f3n\",\"Rehabilitaci\u00f3n\",\"rehabilitation\",\"REHABOT\"],\"inLanguage\":\"es\",\"potentialAction\":[{\"@type\":\"CommentAction\",\"name\":\"Comment\",\"target\":[\"https:\\\/\\\/rehabot.es\\\/es\\\/programas-rehabilitacion-neurologica-parkinson\\\/#respond\"]}]},{\"@type\":\"WebPage\",\"@id\":\"https:\\\/\\\/rehabot.es\\\/es\\\/programas-rehabilitacion-neurologica-parkinson\\\/\",\"url\":\"https:\\\/\\\/rehabot.es\\\/es\\\/programas-rehabilitacion-neurologica-parkinson\\\/\",\"name\":\"Programas de rehabilitaci\u00f3n neurol\u00f3gica para Parkinson\",\"isPartOf\":{\"@id\":\"https:\\\/\\\/rehabot.es\\\/#website\"},\"primaryImageOfPage\":{\"@id\":\"https:\\\/\\\/rehabot.es\\\/es\\\/programas-rehabilitacion-neurologica-parkinson\\\/#primaryimage\"},\"image\":{\"@id\":\"https:\\\/\\\/rehabot.es\\\/es\\\/programas-rehabilitacion-neurologica-parkinson\\\/#primaryimage\"},\"thumbnailUrl\":\"https:\\\/\\\/rehabot.es\\\/wp-content\\\/uploads\\\/2023\\\/05\\\/rehabilitacion-post-ictus-terapia-ocupacional-ayuda.jpg\",\"datePublished\":\"2024-07-31T08:18:27+00:00\",\"dateModified\":\"2024-07-31T08:18:31+00:00\",\"description\":\"La enfermedad de Parkinson es una dolencia neurodegenerativa que afecta a millones de personas en todo el mundo. Existen programas de rehabilitaci\u00f3n neurol\u00f3gica dise\u00f1ados para ofrecer esperanza a las personas con Parkinson. Ll\u00e1manos.\",\"breadcrumb\":{\"@id\":\"https:\\\/\\\/rehabot.es\\\/es\\\/programas-rehabilitacion-neurologica-parkinson\\\/#breadcrumb\"},\"inLanguage\":\"es\",\"potentialAction\":[{\"@type\":\"ReadAction\",\"target\":[\"https:\\\/\\\/rehabot.es\\\/es\\\/programas-rehabilitacion-neurologica-parkinson\\\/\"]}]},{\"@type\":\"ImageObject\",\"inLanguage\":\"es\",\"@id\":\"https:\\\/\\\/rehabot.es\\\/es\\\/programas-rehabilitacion-neurologica-parkinson\\\/#primaryimage\",\"url\":\"https:\\\/\\\/rehabot.es\\\/wp-content\\\/uploads\\\/2023\\\/05\\\/rehabilitacion-post-ictus-terapia-ocupacional-ayuda.jpg\",\"contentUrl\":\"https:\\\/\\\/rehabot.es\\\/wp-content\\\/uploads\\\/2023\\\/05\\\/rehabilitacion-post-ictus-terapia-ocupacional-ayuda.jpg\",\"width\":1000,\"height\":666,\"caption\":\"rehabilitacion-post-ictus-terapia-ocupacional-ayuda\"},{\"@type\":\"BreadcrumbList\",\"@id\":\"https:\\\/\\\/rehabot.es\\\/es\\\/programas-rehabilitacion-neurologica-parkinson\\\/#breadcrumb\",\"itemListElement\":[{\"@type\":\"ListItem\",\"position\":1,\"name\":\"Home\",\"item\":\"https:\\\/\\\/rehabot.es\\\/es\\\/\"},{\"@type\":\"ListItem\",\"position\":2,\"name\":\"Programas de rehabilitaci\u00f3n neurol\u00f3gica para personas con enfermedad de Parkinson\"}]},{\"@type\":\"WebSite\",\"@id\":\"https:\\\/\\\/rehabot.es\\\/#website\",\"url\":\"https:\\\/\\\/rehabot.es\\\/\",\"name\":\"Rehabot - Neurological Rehabilitation in Malaga\",\"description\":\"Rehabilitaci\u00f3n Neurol\u00f3gica en la Costa del Sol\",\"publisher\":{\"@id\":\"https:\\\/\\\/rehabot.es\\\/#organization\"},\"potentialAction\":[{\"@type\":\"SearchAction\",\"target\":{\"@type\":\"EntryPoint\",\"urlTemplate\":\"https:\\\/\\\/rehabot.es\\\/?s={search_term_string}\"},\"query-input\":{\"@type\":\"PropertyValueSpecification\",\"valueRequired\":true,\"valueName\":\"search_term_string\"}}],\"inLanguage\":\"es\"},{\"@type\":\"Organization\",\"@id\":\"https:\\\/\\\/rehabot.es\\\/#organization\",\"name\":\"Rehabot - Neurological Rehabilitation in Malaga\",\"alternateName\":\"Rehabot - Occupational Therapist Rehabilitation in Malaga\",\"url\":\"https:\\\/\\\/rehabot.es\\\/\",\"logo\":{\"@type\":\"ImageObject\",\"inLanguage\":\"es\",\"@id\":\"https:\\\/\\\/rehabot.es\\\/#\\\/schema\\\/logo\\\/image\\\/\",\"url\":\"https:\\\/\\\/rehabot.es\\\/wp-content\\\/uploads\\\/2021\\\/07\\\/icono.png\",\"contentUrl\":\"https:\\\/\\\/rehabot.es\\\/wp-content\\\/uploads\\\/2021\\\/07\\\/icono.png\",\"width\":80,\"height\":76,\"caption\":\"Rehabot - Neurological Rehabilitation in Malaga\"},\"image\":{\"@id\":\"https:\\\/\\\/rehabot.es\\\/#\\\/schema\\\/logo\\\/image\\\/\"}},{\"@type\":\"Person\",\"@id\":\"https:\\\/\\\/rehabot.es\\\/#\\\/schema\\\/person\\\/21e3d781d53c09dadc3f1c67fb2cca81\",\"name\":\"Marcos James Penfold\",\"image\":{\"@type\":\"ImageObject\",\"inLanguage\":\"es\",\"@id\":\"https:\\\/\\\/rehabot.es\\\/wp-content\\\/uploads\\\/2023\\\/08\\\/cropped-marcos-penfold-terapueta-ocupacional-96x96.webp\",\"url\":\"https:\\\/\\\/rehabot.es\\\/wp-content\\\/uploads\\\/2023\\\/08\\\/cropped-marcos-penfold-terapueta-ocupacional-96x96.webp\",\"contentUrl\":\"https:\\\/\\\/rehabot.es\\\/wp-content\\\/uploads\\\/2023\\\/08\\\/cropped-marcos-penfold-terapueta-ocupacional-96x96.webp\",\"caption\":\"Marcos James Penfold\"},\"description\":\"Marcos James Penfold, CEO of Rehab OT. Born in Marbella with British blood. Lover of the world of health and involved with his patients through the reinstatement of skills or abilities. He shows a functional vision of the patient and his occupational performance on a daily basis. Marcos James Penfold, CEO de Rehab OT. Nacido en Marbella con sangre brit\u00e1nica. Amante del mundo de la salud e implicado con sus pacientes mediante la reinstauraci\u00f3n de capacidades o habilidades. Muestra una visi\u00f3n funcional del paciente y de su desempe\u00f1o ocupacional en el d\u00eda a d\u00eda.\",\"sameAs\":[\"http:\\\/\\\/rehabot.es\"],\"url\":\"https:\\\/\\\/rehabot.es\\\/es\\\/author\\\/marcos\\\/\"}]}<\/script>\n<!-- \/ Yoast SEO plugin. -->","yoast_head_json":{"title":"Programas de rehabilitaci\u00f3n neurol\u00f3gica para Parkinson","description":"La enfermedad de Parkinson es una dolencia neurodegenerativa que afecta a millones de personas en todo el mundo. Existen programas de rehabilitaci\u00f3n neurol\u00f3gica dise\u00f1ados para ofrecer esperanza a las personas con Parkinson. Ll\u00e1manos.","robots":{"index":"index","follow":"follow","max-snippet":"max-snippet:-1","max-image-preview":"max-image-preview:large","max-video-preview":"max-video-preview:-1"},"canonical":"https:\/\/rehabot.es\/es\/programas-rehabilitacion-neurologica-parkinson\/","og_locale":"es_ES","og_type":"article","og_title":"Programas de rehabilitaci\u00f3n neurol\u00f3gica para Parkinson","og_description":"La enfermedad de Parkinson es una dolencia neurodegenerativa que afecta a millones de personas en todo el mundo. Existen programas de rehabilitaci\u00f3n neurol\u00f3gica dise\u00f1ados para ofrecer esperanza a las personas con Parkinson. Ll\u00e1manos.","og_url":"https:\/\/rehabot.es\/es\/programas-rehabilitacion-neurologica-parkinson\/","og_site_name":"Rehabot","article_published_time":"2024-07-31T08:18:27+00:00","article_modified_time":"2024-07-31T08:18:31+00:00","og_image":[{"width":1000,"height":666,"url":"https:\/\/rehabot.es\/wp-content\/uploads\/2023\/05\/rehabilitacion-post-ictus-terapia-ocupacional-ayuda.jpg","type":"image\/jpeg"}],"author":"Marcos James Penfold","twitter_card":"summary_large_image","twitter_misc":{"Escrito por":"Marcos James Penfold","Tiempo de lectura":"3 minutos"},"schema":{"@context":"https:\/\/schema.org","@graph":[{"@type":"Article","@id":"https:\/\/rehabot.es\/es\/programas-rehabilitacion-neurologica-parkinson\/#article","isPartOf":{"@id":"https:\/\/rehabot.es\/es\/programas-rehabilitacion-neurologica-parkinson\/"},"author":{"name":"Marcos James Penfold","@id":"https:\/\/rehabot.es\/#\/schema\/person\/21e3d781d53c09dadc3f1c67fb2cca81"},"headline":"Programas de rehabilitaci\u00f3n neurol\u00f3gica para personas con enfermedad de Parkinson","datePublished":"2024-07-31T08:18:27+00:00","dateModified":"2024-07-31T08:18:31+00:00","mainEntityOfPage":{"@id":"https:\/\/rehabot.es\/es\/programas-rehabilitacion-neurologica-parkinson\/"},"wordCount":651,"commentCount":0,"publisher":{"@id":"https:\/\/rehabot.es\/#organization"},"image":{"@id":"https:\/\/rehabot.es\/es\/programas-rehabilitacion-neurologica-parkinson\/#primaryimage"},"thumbnailUrl":"https:\/\/rehabot.es\/wp-content\/uploads\/2023\/05\/rehabilitacion-post-ictus-terapia-ocupacional-ayuda.jpg","articleSection":["Da\u00f1o Neurol\u00f3gico","Ictus","neurorehabilitation","Neurorrehabilitaci\u00f3n","Rehabilitaci\u00f3n","rehabilitation","REHABOT"],"inLanguage":"es","potentialAction":[{"@type":"CommentAction","name":"Comment","target":["https:\/\/rehabot.es\/es\/programas-rehabilitacion-neurologica-parkinson\/#respond"]}]},{"@type":"WebPage","@id":"https:\/\/rehabot.es\/es\/programas-rehabilitacion-neurologica-parkinson\/","url":"https:\/\/rehabot.es\/es\/programas-rehabilitacion-neurologica-parkinson\/","name":"Programas de rehabilitaci\u00f3n neurol\u00f3gica para Parkinson","isPartOf":{"@id":"https:\/\/rehabot.es\/#website"},"primaryImageOfPage":{"@id":"https:\/\/rehabot.es\/es\/programas-rehabilitacion-neurologica-parkinson\/#primaryimage"},"image":{"@id":"https:\/\/rehabot.es\/es\/programas-rehabilitacion-neurologica-parkinson\/#primaryimage"},"thumbnailUrl":"https:\/\/rehabot.es\/wp-content\/uploads\/2023\/05\/rehabilitacion-post-ictus-terapia-ocupacional-ayuda.jpg","datePublished":"2024-07-31T08:18:27+00:00","dateModified":"2024-07-31T08:18:31+00:00","description":"La enfermedad de Parkinson es una dolencia neurodegenerativa que afecta a millones de personas en todo el mundo. Existen programas de rehabilitaci\u00f3n neurol\u00f3gica dise\u00f1ados para ofrecer esperanza a las personas con Parkinson. Ll\u00e1manos.","breadcrumb":{"@id":"https:\/\/rehabot.es\/es\/programas-rehabilitacion-neurologica-parkinson\/#breadcrumb"},"inLanguage":"es","potentialAction":[{"@type":"ReadAction","target":["https:\/\/rehabot.es\/es\/programas-rehabilitacion-neurologica-parkinson\/"]}]},{"@type":"ImageObject","inLanguage":"es","@id":"https:\/\/rehabot.es\/es\/programas-rehabilitacion-neurologica-parkinson\/#primaryimage","url":"https:\/\/rehabot.es\/wp-content\/uploads\/2023\/05\/rehabilitacion-post-ictus-terapia-ocupacional-ayuda.jpg","contentUrl":"https:\/\/rehabot.es\/wp-content\/uploads\/2023\/05\/rehabilitacion-post-ictus-terapia-ocupacional-ayuda.jpg","width":1000,"height":666,"caption":"rehabilitacion-post-ictus-terapia-ocupacional-ayuda"},{"@type":"BreadcrumbList","@id":"https:\/\/rehabot.es\/es\/programas-rehabilitacion-neurologica-parkinson\/#breadcrumb","itemListElement":[{"@type":"ListItem","position":1,"name":"Home","item":"https:\/\/rehabot.es\/es\/"},{"@type":"ListItem","position":2,"name":"Programas de rehabilitaci\u00f3n neurol\u00f3gica para personas con enfermedad de Parkinson"}]},{"@type":"WebSite","@id":"https:\/\/rehabot.es\/#website","url":"https:\/\/rehabot.es\/","name":"Rehabot - Neurological Rehabilitation in Malaga","description":"Rehabilitaci\u00f3n Neurol\u00f3gica en la Costa del Sol","publisher":{"@id":"https:\/\/rehabot.es\/#organization"},"potentialAction":[{"@type":"SearchAction","target":{"@type":"EntryPoint","urlTemplate":"https:\/\/rehabot.es\/?s={search_term_string}"},"query-input":{"@type":"PropertyValueSpecification","valueRequired":true,"valueName":"search_term_string"}}],"inLanguage":"es"},{"@type":"Organization","@id":"https:\/\/rehabot.es\/#organization","name":"Rehabot - Neurological Rehabilitation in Malaga","alternateName":"Rehabot - Occupational Therapist Rehabilitation in Malaga","url":"https:\/\/rehabot.es\/","logo":{"@type":"ImageObject","inLanguage":"es","@id":"https:\/\/rehabot.es\/#\/schema\/logo\/image\/","url":"https:\/\/rehabot.es\/wp-content\/uploads\/2021\/07\/icono.png","contentUrl":"https:\/\/rehabot.es\/wp-content\/uploads\/2021\/07\/icono.png","width":80,"height":76,"caption":"Rehabot - Neurological Rehabilitation in Malaga"},"image":{"@id":"https:\/\/rehabot.es\/#\/schema\/logo\/image\/"}},{"@type":"Person","@id":"https:\/\/rehabot.es\/#\/schema\/person\/21e3d781d53c09dadc3f1c67fb2cca81","name":"Marcos James Penfold","image":{"@type":"ImageObject","inLanguage":"es","@id":"https:\/\/rehabot.es\/wp-content\/uploads\/2023\/08\/cropped-marcos-penfold-terapueta-ocupacional-96x96.webp","url":"https:\/\/rehabot.es\/wp-content\/uploads\/2023\/08\/cropped-marcos-penfold-terapueta-ocupacional-96x96.webp","contentUrl":"https:\/\/rehabot.es\/wp-content\/uploads\/2023\/08\/cropped-marcos-penfold-terapueta-ocupacional-96x96.webp","caption":"Marcos James Penfold"},"description":"Marcos James Penfold, CEO of Rehab OT. Born in Marbella with British blood. Lover of the world of health and involved with his patients through the reinstatement of skills or abilities. He shows a functional vision of the patient and his occupational performance on a daily basis. Marcos James Penfold, CEO de Rehab OT. Nacido en Marbella con sangre brit\u00e1nica. Amante del mundo de la salud e implicado con sus pacientes mediante la reinstauraci\u00f3n de capacidades o habilidades. Muestra una visi\u00f3n funcional del paciente y de su desempe\u00f1o ocupacional en el d\u00eda a d\u00eda.","sameAs":["http:\/\/rehabot.es"],"url":"https:\/\/rehabot.es\/es\/author\/marcos\/"}]}},"_links":{"self":[{"href":"https:\/\/rehabot.es\/es\/wp-json\/wp\/v2\/posts\/16276","targetHints":{"allow":["GET"]}}],"collection":[{"href":"https:\/\/rehabot.es\/es\/wp-json\/wp\/v2\/posts"}],"about":[{"href":"https:\/\/rehabot.es\/es\/wp-json\/wp\/v2\/types\/post"}],"author":[{"embeddable":true,"href":"https:\/\/rehabot.es\/es\/wp-json\/wp\/v2\/users\/2"}],"replies":[{"embeddable":true,"href":"https:\/\/rehabot.es\/es\/wp-json\/wp\/v2\/comments?post=16276"}],"version-history":[{"count":2,"href":"https:\/\/rehabot.es\/es\/wp-json\/wp\/v2\/posts\/16276\/revisions"}],"predecessor-version":[{"id":16278,"href":"https:\/\/rehabot.es\/es\/wp-json\/wp\/v2\/posts\/16276\/revisions\/16278"}],"wp:featuredmedia":[{"embeddable":true,"href":"https:\/\/rehabot.es\/es\/wp-json\/wp\/v2\/media\/14339"}],"wp:attachment":[{"href":"https:\/\/rehabot.es\/es\/wp-json\/wp\/v2\/media?parent=16276"}],"wp:term":[{"taxonomy":"category","embeddable":true,"href":"https:\/\/rehabot.es\/es\/wp-json\/wp\/v2\/categories?post=16276"},{"taxonomy":"post_tag","embeddable":true,"href":"https:\/\/rehabot.es\/es\/wp-json\/wp\/v2\/tags?post=16276"}],"curies":[{"name":"wp","href":"https:\/\/api.w.org\/{rel}","templated":true}]}}