{"id":16405,"date":"2024-10-12T15:05:13","date_gmt":"2024-10-12T15:05:13","guid":{"rendered":"https:\/\/rehabot.es\/?p=16405"},"modified":"2026-03-11T08:16:22","modified_gmt":"2026-03-11T08:16:22","slug":"ictus-personas-jovenes","status":"publish","type":"post","link":"https:\/\/rehabot.es\/es\/ictus-personas-jovenes\/","title":{"rendered":"Ictus en Personas J\u00f3venes"},"content":{"rendered":"\n<p>A menudo, la idea de que un joven pueda sufrir un <strong><a href=\"https:\/\/rehabot.es\/es\/rehabilitacion-ictus\/\">ictus <\/a><\/strong>se asocia a casos raros, pero lo cierto es que los factores de riesgo que lo causan pueden estar presentes incluso a edades tempranas. Es importante entender que un ictus no discrimina por edad, y ciertos h\u00e1bitos y condiciones pueden aumentar significativamente la probabilidad de que ocurra.<\/p>\n\n\n\n<h2 class=\"wp-block-heading\"><strong>Factores de riesgo m\u00e1s comunes en j\u00f3venes<\/strong><\/h2>\n\n\n\n<ol class=\"wp-block-list\">\n<li><strong>Hipertensi\u00f3n<\/strong>: Aunque solemos pensar que la presi\u00f3n arterial alta es un problema de personas mayores, cada vez m\u00e1s j\u00f3venes la padecen. La hipertensi\u00f3n no controlada es uno de los principales factores de riesgo de ictus.<\/li>\n\n\n\n<li><strong>Consumo de alcohol y drogas<\/strong>: El uso excesivo de alcohol o drogas, especialmente estimulantes como la coca\u00edna, puede aumentar la presi\u00f3n arterial y desencadenar un ictus, incluso en personas aparentemente sanas.<\/li>\n\n\n\n<li><strong>Tabaquismo<\/strong>: El tabaco da\u00f1a los vasos sangu\u00edneos, y fumar a una edad temprana puede aumentar el riesgo de sufrir un ictus con el tiempo. Adem\u00e1s, las personas que fuman tambi\u00e9n son m\u00e1s propensas a tener hipertensi\u00f3n.<\/li>\n\n\n\n<li><strong>Colesterol alto<\/strong>: Una dieta rica en grasas saturadas y el sedentarismo contribuyen a niveles elevados de colesterol, lo que puede llevar a la acumulaci\u00f3n de placas en las arterias y aumentar la probabilidad de un ictus.<\/li>\n\n\n\n<li><strong>Sedentarismo<\/strong>: La falta de actividad f\u00edsica regular no solo afecta el peso, sino que tambi\u00e9n tiene un impacto directo en la salud cardiovascular. La obesidad y la falta de ejercicio son factores de riesgo para los j\u00f3venes.<\/li>\n\n\n\n<li><strong>Anticonceptivos orales<\/strong>: El uso de anticonceptivos hormonales puede aumentar ligeramente el riesgo de formaci\u00f3n de co\u00e1gulos en algunas mujeres, lo que podr\u00eda llevar a un ictus.<\/li>\n<\/ol>\n\n\n\n<h3 class=\"wp-block-heading\"><strong>Condiciones gen\u00e9ticas o hereditarias<\/strong><\/h3>\n\n\n\n<p>Aparte de los h\u00e1bitos de vida, algunas condiciones gen\u00e9ticas pueden predisponer a los j\u00f3venes a sufrir ictus. Por ejemplo:<\/p>\n\n\n\n<ul class=\"wp-block-list\">\n<li><strong>Enfermedades card\u00edacas cong\u00e9nitas<\/strong>: Algunas personas nacen con defectos en el coraz\u00f3n que no se detectan hasta la edad adulta y que pueden contribuir a la formaci\u00f3n de co\u00e1gulos.<\/li>\n\n\n\n<li><strong>Trastornos de coagulaci\u00f3n<\/strong>: Algunas personas j\u00f3venes tienen condiciones que hacen que su sangre sea m\u00e1s propensa a coagularse, lo que aumenta el riesgo de ictus.<\/li>\n<\/ul>\n\n\n\n<h3 class=\"wp-block-heading\"><strong>Accidentes o traumatismos<\/strong><\/h3>\n\n\n\n<p>En algunos casos, los traumatismos graves en la cabeza o el cuello pueden causar lesiones en los vasos sangu\u00edneos, lo que podr\u00eda derivar en un ictus. Esto es m\u00e1s com\u00fan en j\u00f3venes involucrados en deportes de contacto o accidentes de tr\u00e1fico.<\/p>\n\n\n\n<h2 class=\"wp-block-heading\"><strong>El ictus tambi\u00e9n afecta a ni\u00f1os<\/strong><\/h2>\n\n\n\n<p>Cuando hablamos de<strong> ictus en personas j\u00f3venes<\/strong>, no podemos olvidar que los ni\u00f1os y adolescentes tambi\u00e9n son una poblaci\u00f3n en riesgo. Aunque menos frecuente que en adultos, <strong>el ictus infantil supone una de las principales causas de discapacidad neurol\u00f3gica en la infancia<\/strong> y, a diferencia del adulto joven, sus causas son completamente distintas.<\/p>\n\n\n\n<p>En menores de 15 a\u00f1os, las causas m\u00e1s frecuentes son las cardiopat\u00edas cong\u00e9nitas, la anemia de c\u00e9lulas falciformes, las malformaciones arteriovenosas cerebrales y determinadas infecciones como la meningitis o la varicela. Las enfermedades hematol\u00f3gicas y las trombofilias hereditarias tambi\u00e9n juegan un papel importante.<\/p>\n\n\n\n<p>Los <strong>s\u00edntomas en ni\u00f1os pueden ser distintos a los del adulto<\/strong>, especialmente en los m\u00e1s peque\u00f1os, donde las convulsiones focales o la debilidad en un lado del cuerpo son las se\u00f1ales de alerta m\u00e1s frecuentes.<\/p>\n\n\n\n<h2 class=\"wp-block-heading\"><strong>\u00bfC\u00f3mo se puede prevenir el ictus en j\u00f3venes?<\/strong><\/h2>\n\n\n\n<p>La buena noticia es que muchos de los factores de riesgo para el ictus son prevenibles o controlables. Si bien algunos elementos como las condiciones gen\u00e9ticas no se pueden cambiar, existen muchas acciones que pueden ayudar a reducir el riesgo de sufrir un ictus a una edad temprana.<\/p>\n\n\n\n<h3 class=\"wp-block-heading\"><strong>Consejos de prevenci\u00f3n:<\/strong><\/h3>\n\n\n\n<ol class=\"wp-block-list\">\n<li><strong>Control de la presi\u00f3n arterial<\/strong>: Realizar chequeos regulares y mantener la presi\u00f3n arterial bajo control es clave para prevenir el ictus. Si tienes antecedentes familiares de hipertensi\u00f3n, es especialmente importante monitorearla desde una edad temprana.<\/li>\n\n\n\n<li><strong>Dejar de fumar<\/strong>: Si eres fumador, dejar el tabaco es una de las mejores decisiones que puedes tomar para tu salud cerebral y cardiovascular. Fumar aumenta dr\u00e1sticamente el riesgo de ictus, independientemente de la edad.<\/li>\n\n\n\n<li><strong>Adoptar una dieta saludable<\/strong>: Reducir el consumo de grasas saturadas y trans, y aumentar el consumo de frutas, verduras y alimentos ricos en fibra ayuda a mantener los niveles de colesterol bajos y protege la salud de los vasos sangu\u00edneos.<\/li>\n\n\n\n<li><strong>Mantener un peso saludable<\/strong>: El sobrepeso y la obesidad son factores de riesgo importantes, pero con una dieta equilibrada y ejercicio regular, es posible mantenerse en un peso saludable y reducir el riesgo de ictus.<\/li>\n\n\n\n<li><strong>Hacer ejercicio regularmente<\/strong>: La actividad f\u00edsica no solo mejora la salud cardiovascular, sino que tambi\u00e9n ayuda a mantener un peso adecuado y reduce los niveles de estr\u00e9s, otro factor de riesgo para el ictus.<\/li>\n\n\n\n<li><strong>Evitar el consumo excesivo de alcohol y drogas<\/strong>: Moderar el consumo de alcohol y evitar por completo el uso de drogas il\u00edcitas es fundamental para reducir el riesgo de sufrir un ictus.<\/li>\n<\/ol>\n\n\n\n<h2 class=\"wp-block-heading\"><strong>\u00bfQu\u00e9 hacer si sospechas de un ictus en una persona joven?<\/strong><\/h2>\n\n\n\n<p>Reconocer los <strong><a href=\"https:\/\/rehabot.es\/es\/rehabilitacion-ictus\/\">s\u00edntomas de un ictus<\/a><\/strong> a tiempo es crucial, ya que la intervenci\u00f3n temprana puede salvar vidas y reducir las secuelas. Si observas en una persona joven signos como debilidad o entumecimiento en un lado del cuerpo, dificultad para hablar, confusi\u00f3n, visi\u00f3n borrosa o p\u00e9rdida del equilibrio, busca ayuda m\u00e9dica de inmediato.<\/p>\n\n\n\n<p>Recuerda el acr\u00f3nimo <strong>R\u00c1PIDO<\/strong> (cara, brazos, habla y tiempo). Estos son los signos m\u00e1s comunes de un ictus:<\/p>\n\n\n\n<ul class=\"wp-block-list\">\n<li><strong>R<\/strong>ostro: \u00bfUn lado de la cara est\u00e1 ca\u00eddo?<\/li>\n\n\n\n<li><strong>A<\/strong>rmas: \u00bfPuede levantar ambos brazos o uno se debilita?<\/li>\n\n\n\n<li><strong>P<\/strong>ronunciaci\u00f3n: \u00bfTiene problemas para hablar o su discurso es extra\u00f1o?<\/li>\n\n\n\n<li><strong>I<\/strong>mportante: <strong>D<\/strong>ebes actuar <strong>O<\/strong> inmediatamente.<\/li>\n<\/ul>\n\n\n\n<p>Aunque el ictus en personas j\u00f3venes es menos com\u00fan que en los mayores, puede ocurrir. Los factores de riesgo como el estilo de vida, las condiciones m\u00e9dicas y los antecedentes familiares juegan un papel importante. La prevenci\u00f3n es fundamental, y reconocer los s\u00edntomas a tiempo puede marcar la diferencia entre una recuperaci\u00f3n completa y secuelas graves.<\/p>\n\n\n\n<div class=\"wp-block-group alignfull has-text-color has-background\" style=\"color:#000000;background-color:#abb7c261\"><div class=\"wp-block-group__inner-container is-layout-flow wp-block-group-is-layout-flow\">\n<div style=\"height:64px\" aria-hidden=\"true\" class=\"wp-block-spacer\"><\/div>\n\n\n\n<p class=\"has-text-align-center has-text-color\" style=\"color:#08478a\">D\u00e9janos tus datos para comenzar tu tratamiento<\/p>\n\n\n\n<h4 class=\"wp-block-heading has-text-align-center has-text-color\" id=\"schedule-a-visit\" style=\"color:#08478a;font-size:59px;line-height:1.15\"><strong>Primera consulta <strong><u>GRATIS<\/u><\/strong><\/strong><\/h4>\n\n\n\n<div class=\"wp-block-columns is-layout-flex wp-container-core-columns-is-layout-9d6595d7 wp-block-columns-is-layout-flex\">\n<div class=\"wp-block-column is-layout-flow wp-block-column-is-layout-flow\" style=\"flex-basis:25%\"><\/div>\n\n\n\n<div class=\"wp-block-column is-layout-flow wp-block-column-is-layout-flow\" style=\"flex-basis:50%\">\n<div class=\"wp-block-contact-form-7-contact-form-selector\">[contact-form-7 id=\u00bb71816f7&#8243; title=\u00bbContacto\u00bb]<\/div>\n<\/div>\n\n\n\n<div class=\"wp-block-column is-layout-flow wp-block-column-is-layout-flow\" style=\"flex-basis:25%\"><\/div>\n<\/div>\n\n\n\n<div class=\"wp-block-buttons is-horizontal is-content-justification-center is-layout-flex wp-container-core-buttons-is-layout-499968f5 wp-block-buttons-is-layout-flex\"><\/div>\n\n\n\n<div style=\"height:64px\" aria-hidden=\"true\" class=\"wp-block-spacer\"><\/div>\n<\/div><\/div>\n\n\n\n<p><\/p>\n","protected":false},"excerpt":{"rendered":"<p>A menudo, la idea de que un joven pueda sufrir un ictus se asocia a casos raros, pero lo cierto<\/p>\n","protected":false},"author":2,"featured_media":16407,"comment_status":"open","ping_status":"closed","sticky":false,"template":"","format":"standard","meta":{"footnotes":""},"categories":[248,245,256,246,249,257,1],"tags":[],"class_list":["post-16405","post","type-post","status-publish","format-standard","has-post-thumbnail","hentry","category-dano-neurologico","category-ictus","category-neurorehabilitation-2","category-neurorrehabilitacion","category-rehabilitacion","category-rehabilitation-2","category-rehabot"],"yoast_head":"<!-- This site is optimized with the Yoast SEO plugin v27.4 - https:\/\/yoast.com\/product\/yoast-seo-wordpress\/ -->\n<title>Ictus en Personas J\u00f3venes - Rehabot Rehabilitaci\u00f3n Neurol\u00f3gica<\/title>\n<meta name=\"description\" content=\"Es importante entender que un ictus no discrimina por edad, y ciertos h\u00e1bitos y condiciones pueden aumentar significativamente la probabilidad de que ocurra.\u00a0Ll\u00e1manos y pide cita ahora.\" \/>\n<meta name=\"robots\" content=\"index, follow, max-snippet:-1, max-image-preview:large, max-video-preview:-1\" \/>\n<link rel=\"canonical\" href=\"https:\/\/rehabot.es\/es\/ictus-personas-jovenes\/\" \/>\n<meta property=\"og:locale\" content=\"es_ES\" \/>\n<meta property=\"og:type\" content=\"article\" \/>\n<meta property=\"og:title\" content=\"Ictus en Personas J\u00f3venes - Rehabot Rehabilitaci\u00f3n Neurol\u00f3gica\" \/>\n<meta property=\"og:description\" content=\"Es importante entender que un ictus no discrimina por edad, y ciertos h\u00e1bitos y condiciones pueden aumentar significativamente la probabilidad de que ocurra.\u00a0Ll\u00e1manos y pide cita ahora.\" \/>\n<meta property=\"og:url\" content=\"https:\/\/rehabot.es\/es\/ictus-personas-jovenes\/\" \/>\n<meta property=\"og:site_name\" content=\"Rehabot\" \/>\n<meta property=\"article:published_time\" content=\"2024-10-12T15:05:13+00:00\" \/>\n<meta property=\"article:modified_time\" content=\"2026-03-11T08:16:22+00:00\" \/>\n<meta property=\"og:image\" content=\"https:\/\/rehabot.es\/wp-content\/uploads\/2024\/10\/paciente-prueba-ictus-neurologia.jpg\" \/>\n\t<meta property=\"og:image:width\" content=\"1000\" \/>\n\t<meta property=\"og:image:height\" content=\"666\" \/>\n\t<meta property=\"og:image:type\" content=\"image\/jpeg\" \/>\n<meta name=\"author\" content=\"Marcos James Penfold\" \/>\n<meta name=\"twitter:card\" content=\"summary_large_image\" \/>\n<meta name=\"twitter:label1\" content=\"Escrito por\" \/>\n\t<meta name=\"twitter:data1\" content=\"Marcos James Penfold\" \/>\n\t<meta name=\"twitter:label2\" content=\"Tiempo de lectura\" \/>\n\t<meta name=\"twitter:data2\" content=\"5 minutos\" \/>\n<script type=\"application\/ld+json\" class=\"yoast-schema-graph\">{\"@context\":\"https:\\\/\\\/schema.org\",\"@graph\":[{\"@type\":\"Article\",\"@id\":\"https:\\\/\\\/rehabot.es\\\/es\\\/ictus-personas-jovenes\\\/#article\",\"isPartOf\":{\"@id\":\"https:\\\/\\\/rehabot.es\\\/es\\\/ictus-personas-jovenes\\\/\"},\"author\":{\"name\":\"Marcos James Penfold\",\"@id\":\"https:\\\/\\\/rehabot.es\\\/#\\\/schema\\\/person\\\/21e3d781d53c09dadc3f1c67fb2cca81\"},\"headline\":\"Ictus en Personas J\u00f3venes\",\"datePublished\":\"2024-10-12T15:05:13+00:00\",\"dateModified\":\"2026-03-11T08:16:22+00:00\",\"mainEntityOfPage\":{\"@id\":\"https:\\\/\\\/rehabot.es\\\/es\\\/ictus-personas-jovenes\\\/\"},\"wordCount\":1076,\"commentCount\":0,\"publisher\":{\"@id\":\"https:\\\/\\\/rehabot.es\\\/#organization\"},\"image\":{\"@id\":\"https:\\\/\\\/rehabot.es\\\/es\\\/ictus-personas-jovenes\\\/#primaryimage\"},\"thumbnailUrl\":\"https:\\\/\\\/rehabot.es\\\/wp-content\\\/uploads\\\/2024\\\/10\\\/paciente-prueba-ictus-neurologia.jpg\",\"articleSection\":[\"Da\u00f1o Neurol\u00f3gico\",\"Ictus\",\"neurorehabilitation\",\"Neurorrehabilitaci\u00f3n\",\"Rehabilitaci\u00f3n\",\"rehabilitation\",\"REHABOT\"],\"inLanguage\":\"es\",\"potentialAction\":[{\"@type\":\"CommentAction\",\"name\":\"Comment\",\"target\":[\"https:\\\/\\\/rehabot.es\\\/es\\\/ictus-personas-jovenes\\\/#respond\"]}]},{\"@type\":\"WebPage\",\"@id\":\"https:\\\/\\\/rehabot.es\\\/es\\\/ictus-personas-jovenes\\\/\",\"url\":\"https:\\\/\\\/rehabot.es\\\/es\\\/ictus-personas-jovenes\\\/\",\"name\":\"Ictus en Personas J\u00f3venes - Rehabot Rehabilitaci\u00f3n Neurol\u00f3gica\",\"isPartOf\":{\"@id\":\"https:\\\/\\\/rehabot.es\\\/#website\"},\"primaryImageOfPage\":{\"@id\":\"https:\\\/\\\/rehabot.es\\\/es\\\/ictus-personas-jovenes\\\/#primaryimage\"},\"image\":{\"@id\":\"https:\\\/\\\/rehabot.es\\\/es\\\/ictus-personas-jovenes\\\/#primaryimage\"},\"thumbnailUrl\":\"https:\\\/\\\/rehabot.es\\\/wp-content\\\/uploads\\\/2024\\\/10\\\/paciente-prueba-ictus-neurologia.jpg\",\"datePublished\":\"2024-10-12T15:05:13+00:00\",\"dateModified\":\"2026-03-11T08:16:22+00:00\",\"description\":\"Es importante entender que un ictus no discrimina por edad, y ciertos h\u00e1bitos y condiciones pueden aumentar significativamente la probabilidad de que ocurra.\u00a0Ll\u00e1manos y pide cita ahora.\",\"breadcrumb\":{\"@id\":\"https:\\\/\\\/rehabot.es\\\/es\\\/ictus-personas-jovenes\\\/#breadcrumb\"},\"inLanguage\":\"es\",\"potentialAction\":[{\"@type\":\"ReadAction\",\"target\":[\"https:\\\/\\\/rehabot.es\\\/es\\\/ictus-personas-jovenes\\\/\"]}]},{\"@type\":\"ImageObject\",\"inLanguage\":\"es\",\"@id\":\"https:\\\/\\\/rehabot.es\\\/es\\\/ictus-personas-jovenes\\\/#primaryimage\",\"url\":\"https:\\\/\\\/rehabot.es\\\/wp-content\\\/uploads\\\/2024\\\/10\\\/paciente-prueba-ictus-neurologia.jpg\",\"contentUrl\":\"https:\\\/\\\/rehabot.es\\\/wp-content\\\/uploads\\\/2024\\\/10\\\/paciente-prueba-ictus-neurologia.jpg\",\"width\":1000,\"height\":666,\"caption\":\"Patient woman with scanning device on her head and doctor adjusts it. Modern Lab\"},{\"@type\":\"BreadcrumbList\",\"@id\":\"https:\\\/\\\/rehabot.es\\\/es\\\/ictus-personas-jovenes\\\/#breadcrumb\",\"itemListElement\":[{\"@type\":\"ListItem\",\"position\":1,\"name\":\"Home\",\"item\":\"https:\\\/\\\/rehabot.es\\\/es\\\/\"},{\"@type\":\"ListItem\",\"position\":2,\"name\":\"Ictus en Personas J\u00f3venes\"}]},{\"@type\":\"WebSite\",\"@id\":\"https:\\\/\\\/rehabot.es\\\/#website\",\"url\":\"https:\\\/\\\/rehabot.es\\\/\",\"name\":\"Rehabot - Neurological Rehabilitation in Malaga\",\"description\":\"Rehabilitaci\u00f3n Neurol\u00f3gica en la Costa del Sol\",\"publisher\":{\"@id\":\"https:\\\/\\\/rehabot.es\\\/#organization\"},\"potentialAction\":[{\"@type\":\"SearchAction\",\"target\":{\"@type\":\"EntryPoint\",\"urlTemplate\":\"https:\\\/\\\/rehabot.es\\\/?s={search_term_string}\"},\"query-input\":{\"@type\":\"PropertyValueSpecification\",\"valueRequired\":true,\"valueName\":\"search_term_string\"}}],\"inLanguage\":\"es\"},{\"@type\":\"Organization\",\"@id\":\"https:\\\/\\\/rehabot.es\\\/#organization\",\"name\":\"Rehabot - Neurological Rehabilitation in Malaga\",\"alternateName\":\"Rehabot - Occupational Therapist Rehabilitation in Malaga\",\"url\":\"https:\\\/\\\/rehabot.es\\\/\",\"logo\":{\"@type\":\"ImageObject\",\"inLanguage\":\"es\",\"@id\":\"https:\\\/\\\/rehabot.es\\\/#\\\/schema\\\/logo\\\/image\\\/\",\"url\":\"https:\\\/\\\/rehabot.es\\\/wp-content\\\/uploads\\\/2021\\\/07\\\/icono.png\",\"contentUrl\":\"https:\\\/\\\/rehabot.es\\\/wp-content\\\/uploads\\\/2021\\\/07\\\/icono.png\",\"width\":80,\"height\":76,\"caption\":\"Rehabot - Neurological Rehabilitation in Malaga\"},\"image\":{\"@id\":\"https:\\\/\\\/rehabot.es\\\/#\\\/schema\\\/logo\\\/image\\\/\"}},{\"@type\":\"Person\",\"@id\":\"https:\\\/\\\/rehabot.es\\\/#\\\/schema\\\/person\\\/21e3d781d53c09dadc3f1c67fb2cca81\",\"name\":\"Marcos James Penfold\",\"image\":{\"@type\":\"ImageObject\",\"inLanguage\":\"es\",\"@id\":\"https:\\\/\\\/rehabot.es\\\/wp-content\\\/uploads\\\/2023\\\/08\\\/cropped-marcos-penfold-terapueta-ocupacional-96x96.webp\",\"url\":\"https:\\\/\\\/rehabot.es\\\/wp-content\\\/uploads\\\/2023\\\/08\\\/cropped-marcos-penfold-terapueta-ocupacional-96x96.webp\",\"contentUrl\":\"https:\\\/\\\/rehabot.es\\\/wp-content\\\/uploads\\\/2023\\\/08\\\/cropped-marcos-penfold-terapueta-ocupacional-96x96.webp\",\"caption\":\"Marcos James Penfold\"},\"description\":\"Marcos James Penfold, CEO of Rehab OT. Born in Marbella with British blood. Lover of the world of health and involved with his patients through the reinstatement of skills or abilities. He shows a functional vision of the patient and his occupational performance on a daily basis. Marcos James Penfold, CEO de Rehab OT. Nacido en Marbella con sangre brit\u00e1nica. Amante del mundo de la salud e implicado con sus pacientes mediante la reinstauraci\u00f3n de capacidades o habilidades. Muestra una visi\u00f3n funcional del paciente y de su desempe\u00f1o ocupacional en el d\u00eda a d\u00eda.\",\"sameAs\":[\"http:\\\/\\\/rehabot.es\"],\"url\":\"https:\\\/\\\/rehabot.es\\\/es\\\/author\\\/marcos\\\/\"}]}<\/script>\n<!-- \/ Yoast SEO plugin. -->","yoast_head_json":{"title":"Ictus en Personas J\u00f3venes - Rehabot Rehabilitaci\u00f3n Neurol\u00f3gica","description":"Es importante entender que un ictus no discrimina por edad, y ciertos h\u00e1bitos y condiciones pueden aumentar significativamente la probabilidad de que ocurra.\u00a0Ll\u00e1manos y pide cita ahora.","robots":{"index":"index","follow":"follow","max-snippet":"max-snippet:-1","max-image-preview":"max-image-preview:large","max-video-preview":"max-video-preview:-1"},"canonical":"https:\/\/rehabot.es\/es\/ictus-personas-jovenes\/","og_locale":"es_ES","og_type":"article","og_title":"Ictus en Personas J\u00f3venes - Rehabot Rehabilitaci\u00f3n Neurol\u00f3gica","og_description":"Es importante entender que un ictus no discrimina por edad, y ciertos h\u00e1bitos y condiciones pueden aumentar significativamente la probabilidad de que ocurra.\u00a0Ll\u00e1manos y pide cita ahora.","og_url":"https:\/\/rehabot.es\/es\/ictus-personas-jovenes\/","og_site_name":"Rehabot","article_published_time":"2024-10-12T15:05:13+00:00","article_modified_time":"2026-03-11T08:16:22+00:00","og_image":[{"width":1000,"height":666,"url":"https:\/\/rehabot.es\/wp-content\/uploads\/2024\/10\/paciente-prueba-ictus-neurologia.jpg","type":"image\/jpeg"}],"author":"Marcos James Penfold","twitter_card":"summary_large_image","twitter_misc":{"Escrito por":"Marcos James Penfold","Tiempo de lectura":"5 minutos"},"schema":{"@context":"https:\/\/schema.org","@graph":[{"@type":"Article","@id":"https:\/\/rehabot.es\/es\/ictus-personas-jovenes\/#article","isPartOf":{"@id":"https:\/\/rehabot.es\/es\/ictus-personas-jovenes\/"},"author":{"name":"Marcos James Penfold","@id":"https:\/\/rehabot.es\/#\/schema\/person\/21e3d781d53c09dadc3f1c67fb2cca81"},"headline":"Ictus en Personas J\u00f3venes","datePublished":"2024-10-12T15:05:13+00:00","dateModified":"2026-03-11T08:16:22+00:00","mainEntityOfPage":{"@id":"https:\/\/rehabot.es\/es\/ictus-personas-jovenes\/"},"wordCount":1076,"commentCount":0,"publisher":{"@id":"https:\/\/rehabot.es\/#organization"},"image":{"@id":"https:\/\/rehabot.es\/es\/ictus-personas-jovenes\/#primaryimage"},"thumbnailUrl":"https:\/\/rehabot.es\/wp-content\/uploads\/2024\/10\/paciente-prueba-ictus-neurologia.jpg","articleSection":["Da\u00f1o Neurol\u00f3gico","Ictus","neurorehabilitation","Neurorrehabilitaci\u00f3n","Rehabilitaci\u00f3n","rehabilitation","REHABOT"],"inLanguage":"es","potentialAction":[{"@type":"CommentAction","name":"Comment","target":["https:\/\/rehabot.es\/es\/ictus-personas-jovenes\/#respond"]}]},{"@type":"WebPage","@id":"https:\/\/rehabot.es\/es\/ictus-personas-jovenes\/","url":"https:\/\/rehabot.es\/es\/ictus-personas-jovenes\/","name":"Ictus en Personas J\u00f3venes - Rehabot Rehabilitaci\u00f3n Neurol\u00f3gica","isPartOf":{"@id":"https:\/\/rehabot.es\/#website"},"primaryImageOfPage":{"@id":"https:\/\/rehabot.es\/es\/ictus-personas-jovenes\/#primaryimage"},"image":{"@id":"https:\/\/rehabot.es\/es\/ictus-personas-jovenes\/#primaryimage"},"thumbnailUrl":"https:\/\/rehabot.es\/wp-content\/uploads\/2024\/10\/paciente-prueba-ictus-neurologia.jpg","datePublished":"2024-10-12T15:05:13+00:00","dateModified":"2026-03-11T08:16:22+00:00","description":"Es importante entender que un ictus no discrimina por edad, y ciertos h\u00e1bitos y condiciones pueden aumentar significativamente la probabilidad de que ocurra.\u00a0Ll\u00e1manos y pide cita ahora.","breadcrumb":{"@id":"https:\/\/rehabot.es\/es\/ictus-personas-jovenes\/#breadcrumb"},"inLanguage":"es","potentialAction":[{"@type":"ReadAction","target":["https:\/\/rehabot.es\/es\/ictus-personas-jovenes\/"]}]},{"@type":"ImageObject","inLanguage":"es","@id":"https:\/\/rehabot.es\/es\/ictus-personas-jovenes\/#primaryimage","url":"https:\/\/rehabot.es\/wp-content\/uploads\/2024\/10\/paciente-prueba-ictus-neurologia.jpg","contentUrl":"https:\/\/rehabot.es\/wp-content\/uploads\/2024\/10\/paciente-prueba-ictus-neurologia.jpg","width":1000,"height":666,"caption":"Patient woman with scanning device on her head and doctor adjusts it. Modern Lab"},{"@type":"BreadcrumbList","@id":"https:\/\/rehabot.es\/es\/ictus-personas-jovenes\/#breadcrumb","itemListElement":[{"@type":"ListItem","position":1,"name":"Home","item":"https:\/\/rehabot.es\/es\/"},{"@type":"ListItem","position":2,"name":"Ictus en Personas J\u00f3venes"}]},{"@type":"WebSite","@id":"https:\/\/rehabot.es\/#website","url":"https:\/\/rehabot.es\/","name":"Rehabot - Neurological Rehabilitation in Malaga","description":"Rehabilitaci\u00f3n Neurol\u00f3gica en la Costa del Sol","publisher":{"@id":"https:\/\/rehabot.es\/#organization"},"potentialAction":[{"@type":"SearchAction","target":{"@type":"EntryPoint","urlTemplate":"https:\/\/rehabot.es\/?s={search_term_string}"},"query-input":{"@type":"PropertyValueSpecification","valueRequired":true,"valueName":"search_term_string"}}],"inLanguage":"es"},{"@type":"Organization","@id":"https:\/\/rehabot.es\/#organization","name":"Rehabot - Neurological Rehabilitation in Malaga","alternateName":"Rehabot - Occupational Therapist Rehabilitation in Malaga","url":"https:\/\/rehabot.es\/","logo":{"@type":"ImageObject","inLanguage":"es","@id":"https:\/\/rehabot.es\/#\/schema\/logo\/image\/","url":"https:\/\/rehabot.es\/wp-content\/uploads\/2021\/07\/icono.png","contentUrl":"https:\/\/rehabot.es\/wp-content\/uploads\/2021\/07\/icono.png","width":80,"height":76,"caption":"Rehabot - Neurological Rehabilitation in Malaga"},"image":{"@id":"https:\/\/rehabot.es\/#\/schema\/logo\/image\/"}},{"@type":"Person","@id":"https:\/\/rehabot.es\/#\/schema\/person\/21e3d781d53c09dadc3f1c67fb2cca81","name":"Marcos James Penfold","image":{"@type":"ImageObject","inLanguage":"es","@id":"https:\/\/rehabot.es\/wp-content\/uploads\/2023\/08\/cropped-marcos-penfold-terapueta-ocupacional-96x96.webp","url":"https:\/\/rehabot.es\/wp-content\/uploads\/2023\/08\/cropped-marcos-penfold-terapueta-ocupacional-96x96.webp","contentUrl":"https:\/\/rehabot.es\/wp-content\/uploads\/2023\/08\/cropped-marcos-penfold-terapueta-ocupacional-96x96.webp","caption":"Marcos James Penfold"},"description":"Marcos James Penfold, CEO of Rehab OT. Born in Marbella with British blood. Lover of the world of health and involved with his patients through the reinstatement of skills or abilities. He shows a functional vision of the patient and his occupational performance on a daily basis. Marcos James Penfold, CEO de Rehab OT. Nacido en Marbella con sangre brit\u00e1nica. Amante del mundo de la salud e implicado con sus pacientes mediante la reinstauraci\u00f3n de capacidades o habilidades. Muestra una visi\u00f3n funcional del paciente y de su desempe\u00f1o ocupacional en el d\u00eda a d\u00eda.","sameAs":["http:\/\/rehabot.es"],"url":"https:\/\/rehabot.es\/es\/author\/marcos\/"}]}},"_links":{"self":[{"href":"https:\/\/rehabot.es\/es\/wp-json\/wp\/v2\/posts\/16405","targetHints":{"allow":["GET"]}}],"collection":[{"href":"https:\/\/rehabot.es\/es\/wp-json\/wp\/v2\/posts"}],"about":[{"href":"https:\/\/rehabot.es\/es\/wp-json\/wp\/v2\/types\/post"}],"author":[{"embeddable":true,"href":"https:\/\/rehabot.es\/es\/wp-json\/wp\/v2\/users\/2"}],"replies":[{"embeddable":true,"href":"https:\/\/rehabot.es\/es\/wp-json\/wp\/v2\/comments?post=16405"}],"version-history":[{"count":4,"href":"https:\/\/rehabot.es\/es\/wp-json\/wp\/v2\/posts\/16405\/revisions"}],"predecessor-version":[{"id":21106,"href":"https:\/\/rehabot.es\/es\/wp-json\/wp\/v2\/posts\/16405\/revisions\/21106"}],"wp:featuredmedia":[{"embeddable":true,"href":"https:\/\/rehabot.es\/es\/wp-json\/wp\/v2\/media\/16407"}],"wp:attachment":[{"href":"https:\/\/rehabot.es\/es\/wp-json\/wp\/v2\/media?parent=16405"}],"wp:term":[{"taxonomy":"category","embeddable":true,"href":"https:\/\/rehabot.es\/es\/wp-json\/wp\/v2\/categories?post=16405"},{"taxonomy":"post_tag","embeddable":true,"href":"https:\/\/rehabot.es\/es\/wp-json\/wp\/v2\/tags?post=16405"}],"curies":[{"name":"wp","href":"https:\/\/api.w.org\/{rel}","templated":true}]}}