{"id":19716,"date":"2025-04-22T16:03:18","date_gmt":"2025-04-22T16:03:18","guid":{"rendered":"https:\/\/rehabot.es\/?p=19716"},"modified":"2025-04-22T16:03:19","modified_gmt":"2025-04-22T16:03:19","slug":"como-recuperar-capacidad-caminar-ictus-lesion-cerebral","status":"publish","type":"post","link":"https:\/\/rehabot.es\/es\/como-recuperar-capacidad-caminar-ictus-lesion-cerebral\/","title":{"rendered":"C\u00f3mo recuperar la capacidad de caminar tras un ictus o lesi\u00f3n cerebral"},"content":{"rendered":"\n<p>Tras un <strong>ictus o una lesi\u00f3n cerebral<\/strong>, muchas personas enfrentan la dura realidad de que algo tan simple como dar un paso se ha convertido en un desaf\u00edo.\u00a0<\/p>\n\n\n\n<p>La buena noticia es que, con el tratamiento adecuado y la rehabilitaci\u00f3n constante, es posible volver a caminar. \u00bfC\u00f3mo se logra esto? En <strong><a href=\"https:\/\/rehabot.es\/es\/\">Rehabot<\/a><\/strong>, te explicaremos el proceso paso a paso.<\/p>\n\n\n\n<h2 class=\"wp-block-heading\"><strong>\u00bfPor qu\u00e9 se pierde la capacidad de caminar despu\u00e9s de un ictus o lesi\u00f3n cerebral?<\/strong><\/h2>\n\n\n\n<p>El <strong><a href=\"https:\/\/rehabot.es\/es\/rehabilitacion-ictus\/\">ictus <\/a><\/strong>y las lesiones cerebrales pueden afectar diferentes partes del cerebro responsables del movimiento. Dependiendo de la gravedad del da\u00f1o, una persona puede experimentar:<\/p>\n\n\n\n<ul class=\"wp-block-list\">\n<li><strong>Debilidad o par\u00e1lisis<\/strong> en un lado del cuerpo.<br><\/li>\n\n\n\n<li><strong>Problemas de coordinaci\u00f3n y equilibrio.<\/strong><strong><br><\/strong><\/li>\n\n\n\n<li><strong>P\u00e9rdida de sensibilidad en las piernas.<\/strong><strong><br><\/strong><\/li>\n\n\n\n<li><strong>Espasticidad<\/strong>, es decir, m\u00fasculos r\u00edgidos y tensos que dificultan el movimiento.<br><\/li>\n<\/ul>\n\n\n\n<p>La clave para recuperar la movilidad est\u00e1 en la <strong>neuroplasticidad<\/strong>, la capacidad del cerebro para reorganizarse y crear nuevas conexiones. Con los ejercicios y terapias adecuadas, el cerebro puede aprender a mover el cuerpo nuevamente.<\/p>\n\n\n\n<h2 class=\"wp-block-heading\"><strong>\u00bfCu\u00e1nto tiempo se tarda en volver a caminar?<\/strong><\/h2>\n\n\n\n<p>Cada persona es diferente. Algunos pacientes logran dar sus primeros pasos en semanas, mientras que otros pueden tardar meses o incluso a\u00f1os. La recuperaci\u00f3n depende de varios factores, como:<\/p>\n\n\n\n<ul class=\"wp-block-list\">\n<li>La <strong>gravedad del da\u00f1o cerebral<\/strong>.<br><\/li>\n\n\n\n<li>La <strong>edad y condici\u00f3n f\u00edsica previa<\/strong>.<br><\/li>\n\n\n\n<li>La <strong>rapidez con la que se inicia la rehabilitaci\u00f3n<\/strong>.<br><\/li>\n\n\n\n<li>La <strong>constancia en los ejercicios<\/strong>.<br><\/li>\n<\/ul>\n\n\n\n<p>Lo m\u00e1s importante es empezar la rehabilitaci\u00f3n lo antes posible y mantener una actitud positiva.<\/p>\n\n\n\n<h2 class=\"wp-block-heading\"><strong>Etapas de la recuperaci\u00f3n de la marcha<\/strong><\/h2>\n\n\n\n<h3 class=\"wp-block-heading\"><strong>1. Evaluaci\u00f3n inicial y objetivos personalizados<\/strong><\/h3>\n\n\n\n<p>El primer paso en la rehabilitaci\u00f3n es una evaluaci\u00f3n m\u00e9dica y fisioterap\u00e9utica. Los especialistas analizar\u00e1n la fuerza muscular, el equilibrio y la capacidad de moverse. A partir de ah\u00ed, se dise\u00f1ar\u00e1 un plan de tratamiento personalizado.<\/p>\n\n\n\n<h3 class=\"wp-block-heading\"><strong>2. Ejercicios para recuperar la fuerza y el equilibrio<\/strong><\/h3>\n\n\n\n<p>Antes de caminar, es necesario fortalecer los m\u00fasculos debilitados. Algunos ejercicios clave son:<\/p>\n\n\n\n<ul class=\"wp-block-list\">\n<li><strong>Ejercicios de movilidad articular<\/strong>: mover suavemente los tobillos, rodillas y caderas.<br><\/li>\n\n\n\n<li><strong>Ejercicios de fortalecimiento<\/strong>: levantar las piernas estando sentado, hacer sentadillas asistidas o usar bandas el\u00e1sticas.<br><\/li>\n\n\n\n<li><strong>Ejercicios de equilibrio<\/strong>: mantenerse de pie sobre una pierna con apoyo, caminar sobre una l\u00ednea imaginaria, entre otros.<br><\/li>\n<\/ul>\n\n\n\n<h3 class=\"wp-block-heading\"><strong>3. Terapias de reentrenamiento de la marcha<\/strong><\/h3>\n\n\n\n<p>Para volver a caminar, se utilizan diferentes t\u00e9cnicas de rehabilitaci\u00f3n, como:<\/p>\n\n\n\n<ul class=\"wp-block-list\">\n<li><strong>Marcha asistida con barras paralelas<\/strong>: el paciente practica caminar con apoyo.<br><\/li>\n\n\n\n<li><strong>Uso de dispositivos de ayuda<\/strong>: bastones, andadores o exoesqueletos pueden facilitar los primeros pasos.<br><\/li>\n\n\n\n<li><strong>Terapia en cinta de marcha con soporte de peso<\/strong>: permite al paciente caminar con menos carga sobre las piernas.<br><\/li>\n<\/ul>\n\n\n\n<h3 class=\"wp-block-heading\"><strong>4. Terapias complementarias<\/strong><\/h3>\n\n\n\n<p>Adem\u00e1s de la fisioterapia, otras terapias pueden ayudar en la recuperaci\u00f3n:<\/p>\n\n\n\n<ul class=\"wp-block-list\">\n<li><strong>Terapia ocupacional<\/strong>: para mejorar la autonom\u00eda en actividades diarias.<br><\/li>\n\n\n\n<li><strong>Estimulaci\u00f3n el\u00e9ctrica funcional (FES)<\/strong>: para activar m\u00fasculos debilitados con impulsos el\u00e9ctricos.<br><\/li>\n\n\n\n<li><strong>Terapia rob\u00f3tica<\/strong>: dispositivos avanzados que asisten el movimiento.<br><\/li>\n<\/ul>\n\n\n\n<h2 class=\"wp-block-heading\"><strong>\u00bfSe puede recuperar al 100% la capacidad de caminar?<\/strong><\/h2>\n\n\n\n<p>No hay una respuesta \u00fanica. Algunas personas logran caminar sin ayuda, mientras que otras pueden necesitar apoyo permanente. Lo importante es avanzar lo m\u00e1ximo posible y mejorar la calidad de vida.<\/p>\n\n\n\n<h2 class=\"wp-block-heading\"><strong>Consejos para acelerar la recuperaci\u00f3n<\/strong><\/h2>\n\n\n\n<ul class=\"wp-block-list\">\n<li><strong>S\u00e9 constante con los ejercicios<\/strong>: la rehabilitaci\u00f3n es un proceso largo, pero cada peque\u00f1o progreso cuenta.<br><\/li>\n\n\n\n<li><strong>Sigue las recomendaciones de los especialistas<\/strong>: ellos saben qu\u00e9 t\u00e9cnicas son las m\u00e1s adecuadas para tu caso.<br><\/li>\n\n\n\n<li><strong>Mant\u00e9n una actitud positiva<\/strong>: la motivaci\u00f3n y el esfuerzo son clave para la recuperaci\u00f3n.<br><\/li>\n\n\n\n<li><strong>No te compares con otros<\/strong>: cada cuerpo y cerebro se recupera a su propio ritmo.<br><\/li>\n<\/ul>\n\n\n\n<p>Volver a caminar despu\u00e9s de un <strong>ictus <\/strong>o lesi\u00f3n cerebral es un reto, pero no es imposible. Con la rehabilitaci\u00f3n adecuada y mucha perseverancia, se pueden lograr grandes avances. Si t\u00fa o un ser querido est\u00e1is en este proceso, en <a href=\"https:\/\/rehabot.es\/es\/contacto\/\"><strong>RehabOT M\u00e1laga<\/strong> <\/a>estamos aqu\u00ed para ayudaros en cada paso del camino. \u00bfEst\u00e1s listo para dar el primer paso hacia tu recuperaci\u00f3n?\u00a0<\/p>\n\n\n\n<div class=\"wp-block-group alignfull has-text-color has-background\" style=\"color:#000000;background-color:#abb7c261\"><div class=\"wp-block-group__inner-container is-layout-flow wp-block-group-is-layout-flow\">\n<div style=\"height:64px\" aria-hidden=\"true\" class=\"wp-block-spacer\"><\/div>\n\n\n\n<p class=\"has-text-align-center has-text-color\" style=\"color:#08478a\">D\u00e9janos tus datos para comenzar tu tratamiento<\/p>\n\n\n\n<h4 class=\"wp-block-heading has-text-align-center has-text-color\" id=\"schedule-a-visit\" style=\"color:#08478a;font-size:59px;line-height:1.15\"><strong>Primera consulta <strong><u>GRATIS<\/u><\/strong><\/strong><\/h4>\n\n\n\n<div class=\"wp-block-columns is-layout-flex wp-container-core-columns-is-layout-9d6595d7 wp-block-columns-is-layout-flex\">\n<div class=\"wp-block-column is-layout-flow wp-block-column-is-layout-flow\" style=\"flex-basis:25%\"><\/div>\n\n\n\n<div class=\"wp-block-column is-layout-flow wp-block-column-is-layout-flow\" style=\"flex-basis:50%\">\n<div class=\"wp-block-contact-form-7-contact-form-selector\">[contact-form-7 id=\u00bb71816f7&#8243; title=\u00bbContacto\u00bb]<\/div>\n<\/div>\n\n\n\n<div class=\"wp-block-column is-layout-flow wp-block-column-is-layout-flow\" style=\"flex-basis:25%\"><\/div>\n<\/div>\n\n\n\n<div class=\"wp-block-buttons is-horizontal is-content-justification-center is-layout-flex wp-container-core-buttons-is-layout-499968f5 wp-block-buttons-is-layout-flex\"><\/div>\n\n\n\n<div style=\"height:64px\" aria-hidden=\"true\" class=\"wp-block-spacer\"><\/div>\n<\/div><\/div>\n\n\n\n<p><\/p>\n","protected":false},"excerpt":{"rendered":"<p>Tras un ictus o una lesi\u00f3n cerebral, muchas personas enfrentan la dura realidad de que algo tan simple como dar<\/p>\n","protected":false},"author":2,"featured_media":15298,"comment_status":"open","ping_status":"closed","sticky":false,"template":"","format":"standard","meta":{"footnotes":""},"categories":[245,256,246,249,257,1],"tags":[],"class_list":["post-19716","post","type-post","status-publish","format-standard","has-post-thumbnail","hentry","category-ictus","category-neurorehabilitation-2","category-neurorrehabilitacion","category-rehabilitacion","category-rehabilitation-2","category-rehabot"],"yoast_head":"<!-- This site is optimized with the Yoast SEO plugin v27.4 - https:\/\/yoast.com\/product\/yoast-seo-wordpress\/ -->\n<title>Recuperar la capacidad de caminar tras un ictus o lesi\u00f3n cerebral<\/title>\n<meta name=\"description\" content=\"Tras un ictus o una lesi\u00f3n cerebral, muchas personas enfrentan la dura realidad de que algo tan simple como dar un paso se ha convertido en un desaf\u00edo.\u00a0\u00a1Ll\u00e1manos!\" \/>\n<meta name=\"robots\" content=\"index, follow, max-snippet:-1, max-image-preview:large, max-video-preview:-1\" \/>\n<link rel=\"canonical\" href=\"https:\/\/rehabot.es\/es\/como-recuperar-capacidad-caminar-ictus-lesion-cerebral\/\" \/>\n<meta property=\"og:locale\" content=\"es_ES\" \/>\n<meta property=\"og:type\" content=\"article\" \/>\n<meta property=\"og:title\" content=\"Recuperar la capacidad de caminar tras un ictus o lesi\u00f3n cerebral\" \/>\n<meta property=\"og:description\" content=\"Tras un ictus o una lesi\u00f3n cerebral, muchas personas enfrentan la dura realidad de que algo tan simple como dar un paso se ha convertido en un desaf\u00edo.\u00a0\u00a1Ll\u00e1manos!\" \/>\n<meta property=\"og:url\" content=\"https:\/\/rehabot.es\/es\/como-recuperar-capacidad-caminar-ictus-lesion-cerebral\/\" \/>\n<meta property=\"og:site_name\" content=\"Rehabot\" \/>\n<meta property=\"article:published_time\" content=\"2025-04-22T16:03:18+00:00\" \/>\n<meta property=\"article:modified_time\" content=\"2025-04-22T16:03:19+00:00\" \/>\n<meta property=\"og:image\" content=\"https:\/\/rehabot.es\/wp-content\/uploads\/2023\/08\/terapia-ocupacional-rehabot-a-domicilio.webp\" \/>\n\t<meta property=\"og:image:width\" content=\"1000\" \/>\n\t<meta property=\"og:image:height\" content=\"667\" \/>\n\t<meta property=\"og:image:type\" content=\"image\/webp\" \/>\n<meta name=\"author\" content=\"Marcos James Penfold\" \/>\n<meta name=\"twitter:card\" content=\"summary_large_image\" \/>\n<meta name=\"twitter:label1\" content=\"Escrito por\" \/>\n\t<meta name=\"twitter:data1\" content=\"Marcos James Penfold\" \/>\n\t<meta name=\"twitter:label2\" content=\"Tiempo de lectura\" \/>\n\t<meta name=\"twitter:data2\" content=\"4 minutos\" \/>\n<script type=\"application\/ld+json\" class=\"yoast-schema-graph\">{\"@context\":\"https:\\\/\\\/schema.org\",\"@graph\":[{\"@type\":\"Article\",\"@id\":\"https:\\\/\\\/rehabot.es\\\/es\\\/como-recuperar-capacidad-caminar-ictus-lesion-cerebral\\\/#article\",\"isPartOf\":{\"@id\":\"https:\\\/\\\/rehabot.es\\\/es\\\/como-recuperar-capacidad-caminar-ictus-lesion-cerebral\\\/\"},\"author\":{\"name\":\"Marcos James Penfold\",\"@id\":\"https:\\\/\\\/rehabot.es\\\/#\\\/schema\\\/person\\\/21e3d781d53c09dadc3f1c67fb2cca81\"},\"headline\":\"C\u00f3mo recuperar la capacidad de caminar tras un ictus o lesi\u00f3n cerebral\",\"datePublished\":\"2025-04-22T16:03:18+00:00\",\"dateModified\":\"2025-04-22T16:03:19+00:00\",\"mainEntityOfPage\":{\"@id\":\"https:\\\/\\\/rehabot.es\\\/es\\\/como-recuperar-capacidad-caminar-ictus-lesion-cerebral\\\/\"},\"wordCount\":711,\"commentCount\":0,\"publisher\":{\"@id\":\"https:\\\/\\\/rehabot.es\\\/#organization\"},\"image\":{\"@id\":\"https:\\\/\\\/rehabot.es\\\/es\\\/como-recuperar-capacidad-caminar-ictus-lesion-cerebral\\\/#primaryimage\"},\"thumbnailUrl\":\"https:\\\/\\\/rehabot.es\\\/wp-content\\\/uploads\\\/2023\\\/08\\\/terapia-ocupacional-rehabot-a-domicilio.webp\",\"articleSection\":[\"Ictus\",\"neurorehabilitation\",\"Neurorrehabilitaci\u00f3n\",\"Rehabilitaci\u00f3n\",\"rehabilitation\",\"REHABOT\"],\"inLanguage\":\"es\",\"potentialAction\":[{\"@type\":\"CommentAction\",\"name\":\"Comment\",\"target\":[\"https:\\\/\\\/rehabot.es\\\/es\\\/como-recuperar-capacidad-caminar-ictus-lesion-cerebral\\\/#respond\"]}]},{\"@type\":\"WebPage\",\"@id\":\"https:\\\/\\\/rehabot.es\\\/es\\\/como-recuperar-capacidad-caminar-ictus-lesion-cerebral\\\/\",\"url\":\"https:\\\/\\\/rehabot.es\\\/es\\\/como-recuperar-capacidad-caminar-ictus-lesion-cerebral\\\/\",\"name\":\"Recuperar la capacidad de caminar tras un ictus o lesi\u00f3n cerebral\",\"isPartOf\":{\"@id\":\"https:\\\/\\\/rehabot.es\\\/#website\"},\"primaryImageOfPage\":{\"@id\":\"https:\\\/\\\/rehabot.es\\\/es\\\/como-recuperar-capacidad-caminar-ictus-lesion-cerebral\\\/#primaryimage\"},\"image\":{\"@id\":\"https:\\\/\\\/rehabot.es\\\/es\\\/como-recuperar-capacidad-caminar-ictus-lesion-cerebral\\\/#primaryimage\"},\"thumbnailUrl\":\"https:\\\/\\\/rehabot.es\\\/wp-content\\\/uploads\\\/2023\\\/08\\\/terapia-ocupacional-rehabot-a-domicilio.webp\",\"datePublished\":\"2025-04-22T16:03:18+00:00\",\"dateModified\":\"2025-04-22T16:03:19+00:00\",\"description\":\"Tras un ictus o una lesi\u00f3n cerebral, muchas personas enfrentan la dura realidad de que algo tan simple como dar un paso se ha convertido en un desaf\u00edo.\u00a0\u00a1Ll\u00e1manos!\",\"breadcrumb\":{\"@id\":\"https:\\\/\\\/rehabot.es\\\/es\\\/como-recuperar-capacidad-caminar-ictus-lesion-cerebral\\\/#breadcrumb\"},\"inLanguage\":\"es\",\"potentialAction\":[{\"@type\":\"ReadAction\",\"target\":[\"https:\\\/\\\/rehabot.es\\\/es\\\/como-recuperar-capacidad-caminar-ictus-lesion-cerebral\\\/\"]}]},{\"@type\":\"ImageObject\",\"inLanguage\":\"es\",\"@id\":\"https:\\\/\\\/rehabot.es\\\/es\\\/como-recuperar-capacidad-caminar-ictus-lesion-cerebral\\\/#primaryimage\",\"url\":\"https:\\\/\\\/rehabot.es\\\/wp-content\\\/uploads\\\/2023\\\/08\\\/terapia-ocupacional-rehabot-a-domicilio.webp\",\"contentUrl\":\"https:\\\/\\\/rehabot.es\\\/wp-content\\\/uploads\\\/2023\\\/08\\\/terapia-ocupacional-rehabot-a-domicilio.webp\",\"width\":1000,\"height\":667,\"caption\":\"terapia-ocupacional-rehabot-a-domicilio\"},{\"@type\":\"BreadcrumbList\",\"@id\":\"https:\\\/\\\/rehabot.es\\\/es\\\/como-recuperar-capacidad-caminar-ictus-lesion-cerebral\\\/#breadcrumb\",\"itemListElement\":[{\"@type\":\"ListItem\",\"position\":1,\"name\":\"Home\",\"item\":\"https:\\\/\\\/rehabot.es\\\/es\\\/\"},{\"@type\":\"ListItem\",\"position\":2,\"name\":\"C\u00f3mo recuperar la capacidad de caminar tras un ictus o lesi\u00f3n cerebral\"}]},{\"@type\":\"WebSite\",\"@id\":\"https:\\\/\\\/rehabot.es\\\/#website\",\"url\":\"https:\\\/\\\/rehabot.es\\\/\",\"name\":\"Rehabot - Neurological Rehabilitation in Malaga\",\"description\":\"Rehabilitaci\u00f3n Neurol\u00f3gica en la Costa del Sol\",\"publisher\":{\"@id\":\"https:\\\/\\\/rehabot.es\\\/#organization\"},\"potentialAction\":[{\"@type\":\"SearchAction\",\"target\":{\"@type\":\"EntryPoint\",\"urlTemplate\":\"https:\\\/\\\/rehabot.es\\\/?s={search_term_string}\"},\"query-input\":{\"@type\":\"PropertyValueSpecification\",\"valueRequired\":true,\"valueName\":\"search_term_string\"}}],\"inLanguage\":\"es\"},{\"@type\":\"Organization\",\"@id\":\"https:\\\/\\\/rehabot.es\\\/#organization\",\"name\":\"Rehabot - Neurological Rehabilitation in Malaga\",\"alternateName\":\"Rehabot - Occupational Therapist Rehabilitation in Malaga\",\"url\":\"https:\\\/\\\/rehabot.es\\\/\",\"logo\":{\"@type\":\"ImageObject\",\"inLanguage\":\"es\",\"@id\":\"https:\\\/\\\/rehabot.es\\\/#\\\/schema\\\/logo\\\/image\\\/\",\"url\":\"https:\\\/\\\/rehabot.es\\\/wp-content\\\/uploads\\\/2021\\\/07\\\/icono.png\",\"contentUrl\":\"https:\\\/\\\/rehabot.es\\\/wp-content\\\/uploads\\\/2021\\\/07\\\/icono.png\",\"width\":80,\"height\":76,\"caption\":\"Rehabot - Neurological Rehabilitation in Malaga\"},\"image\":{\"@id\":\"https:\\\/\\\/rehabot.es\\\/#\\\/schema\\\/logo\\\/image\\\/\"}},{\"@type\":\"Person\",\"@id\":\"https:\\\/\\\/rehabot.es\\\/#\\\/schema\\\/person\\\/21e3d781d53c09dadc3f1c67fb2cca81\",\"name\":\"Marcos James Penfold\",\"image\":{\"@type\":\"ImageObject\",\"inLanguage\":\"es\",\"@id\":\"https:\\\/\\\/rehabot.es\\\/wp-content\\\/uploads\\\/2023\\\/08\\\/cropped-marcos-penfold-terapueta-ocupacional-96x96.webp\",\"url\":\"https:\\\/\\\/rehabot.es\\\/wp-content\\\/uploads\\\/2023\\\/08\\\/cropped-marcos-penfold-terapueta-ocupacional-96x96.webp\",\"contentUrl\":\"https:\\\/\\\/rehabot.es\\\/wp-content\\\/uploads\\\/2023\\\/08\\\/cropped-marcos-penfold-terapueta-ocupacional-96x96.webp\",\"caption\":\"Marcos James Penfold\"},\"description\":\"Marcos James Penfold, CEO of Rehab OT. Born in Marbella with British blood. Lover of the world of health and involved with his patients through the reinstatement of skills or abilities. He shows a functional vision of the patient and his occupational performance on a daily basis. Marcos James Penfold, CEO de Rehab OT. Nacido en Marbella con sangre brit\u00e1nica. Amante del mundo de la salud e implicado con sus pacientes mediante la reinstauraci\u00f3n de capacidades o habilidades. Muestra una visi\u00f3n funcional del paciente y de su desempe\u00f1o ocupacional en el d\u00eda a d\u00eda.\",\"sameAs\":[\"http:\\\/\\\/rehabot.es\"],\"url\":\"https:\\\/\\\/rehabot.es\\\/es\\\/author\\\/marcos\\\/\"}]}<\/script>\n<!-- \/ Yoast SEO plugin. -->","yoast_head_json":{"title":"Recuperar la capacidad de caminar tras un ictus o lesi\u00f3n cerebral","description":"Tras un ictus o una lesi\u00f3n cerebral, muchas personas enfrentan la dura realidad de que algo tan simple como dar un paso se ha convertido en un desaf\u00edo.\u00a0\u00a1Ll\u00e1manos!","robots":{"index":"index","follow":"follow","max-snippet":"max-snippet:-1","max-image-preview":"max-image-preview:large","max-video-preview":"max-video-preview:-1"},"canonical":"https:\/\/rehabot.es\/es\/como-recuperar-capacidad-caminar-ictus-lesion-cerebral\/","og_locale":"es_ES","og_type":"article","og_title":"Recuperar la capacidad de caminar tras un ictus o lesi\u00f3n cerebral","og_description":"Tras un ictus o una lesi\u00f3n cerebral, muchas personas enfrentan la dura realidad de que algo tan simple como dar un paso se ha convertido en un desaf\u00edo.\u00a0\u00a1Ll\u00e1manos!","og_url":"https:\/\/rehabot.es\/es\/como-recuperar-capacidad-caminar-ictus-lesion-cerebral\/","og_site_name":"Rehabot","article_published_time":"2025-04-22T16:03:18+00:00","article_modified_time":"2025-04-22T16:03:19+00:00","og_image":[{"width":1000,"height":667,"url":"https:\/\/rehabot.es\/wp-content\/uploads\/2023\/08\/terapia-ocupacional-rehabot-a-domicilio.webp","type":"image\/webp"}],"author":"Marcos James Penfold","twitter_card":"summary_large_image","twitter_misc":{"Escrito por":"Marcos James Penfold","Tiempo de lectura":"4 minutos"},"schema":{"@context":"https:\/\/schema.org","@graph":[{"@type":"Article","@id":"https:\/\/rehabot.es\/es\/como-recuperar-capacidad-caminar-ictus-lesion-cerebral\/#article","isPartOf":{"@id":"https:\/\/rehabot.es\/es\/como-recuperar-capacidad-caminar-ictus-lesion-cerebral\/"},"author":{"name":"Marcos James Penfold","@id":"https:\/\/rehabot.es\/#\/schema\/person\/21e3d781d53c09dadc3f1c67fb2cca81"},"headline":"C\u00f3mo recuperar la capacidad de caminar tras un ictus o lesi\u00f3n cerebral","datePublished":"2025-04-22T16:03:18+00:00","dateModified":"2025-04-22T16:03:19+00:00","mainEntityOfPage":{"@id":"https:\/\/rehabot.es\/es\/como-recuperar-capacidad-caminar-ictus-lesion-cerebral\/"},"wordCount":711,"commentCount":0,"publisher":{"@id":"https:\/\/rehabot.es\/#organization"},"image":{"@id":"https:\/\/rehabot.es\/es\/como-recuperar-capacidad-caminar-ictus-lesion-cerebral\/#primaryimage"},"thumbnailUrl":"https:\/\/rehabot.es\/wp-content\/uploads\/2023\/08\/terapia-ocupacional-rehabot-a-domicilio.webp","articleSection":["Ictus","neurorehabilitation","Neurorrehabilitaci\u00f3n","Rehabilitaci\u00f3n","rehabilitation","REHABOT"],"inLanguage":"es","potentialAction":[{"@type":"CommentAction","name":"Comment","target":["https:\/\/rehabot.es\/es\/como-recuperar-capacidad-caminar-ictus-lesion-cerebral\/#respond"]}]},{"@type":"WebPage","@id":"https:\/\/rehabot.es\/es\/como-recuperar-capacidad-caminar-ictus-lesion-cerebral\/","url":"https:\/\/rehabot.es\/es\/como-recuperar-capacidad-caminar-ictus-lesion-cerebral\/","name":"Recuperar la capacidad de caminar tras un ictus o lesi\u00f3n cerebral","isPartOf":{"@id":"https:\/\/rehabot.es\/#website"},"primaryImageOfPage":{"@id":"https:\/\/rehabot.es\/es\/como-recuperar-capacidad-caminar-ictus-lesion-cerebral\/#primaryimage"},"image":{"@id":"https:\/\/rehabot.es\/es\/como-recuperar-capacidad-caminar-ictus-lesion-cerebral\/#primaryimage"},"thumbnailUrl":"https:\/\/rehabot.es\/wp-content\/uploads\/2023\/08\/terapia-ocupacional-rehabot-a-domicilio.webp","datePublished":"2025-04-22T16:03:18+00:00","dateModified":"2025-04-22T16:03:19+00:00","description":"Tras un ictus o una lesi\u00f3n cerebral, muchas personas enfrentan la dura realidad de que algo tan simple como dar un paso se ha convertido en un desaf\u00edo.\u00a0\u00a1Ll\u00e1manos!","breadcrumb":{"@id":"https:\/\/rehabot.es\/es\/como-recuperar-capacidad-caminar-ictus-lesion-cerebral\/#breadcrumb"},"inLanguage":"es","potentialAction":[{"@type":"ReadAction","target":["https:\/\/rehabot.es\/es\/como-recuperar-capacidad-caminar-ictus-lesion-cerebral\/"]}]},{"@type":"ImageObject","inLanguage":"es","@id":"https:\/\/rehabot.es\/es\/como-recuperar-capacidad-caminar-ictus-lesion-cerebral\/#primaryimage","url":"https:\/\/rehabot.es\/wp-content\/uploads\/2023\/08\/terapia-ocupacional-rehabot-a-domicilio.webp","contentUrl":"https:\/\/rehabot.es\/wp-content\/uploads\/2023\/08\/terapia-ocupacional-rehabot-a-domicilio.webp","width":1000,"height":667,"caption":"terapia-ocupacional-rehabot-a-domicilio"},{"@type":"BreadcrumbList","@id":"https:\/\/rehabot.es\/es\/como-recuperar-capacidad-caminar-ictus-lesion-cerebral\/#breadcrumb","itemListElement":[{"@type":"ListItem","position":1,"name":"Home","item":"https:\/\/rehabot.es\/es\/"},{"@type":"ListItem","position":2,"name":"C\u00f3mo recuperar la capacidad de caminar tras un ictus o lesi\u00f3n cerebral"}]},{"@type":"WebSite","@id":"https:\/\/rehabot.es\/#website","url":"https:\/\/rehabot.es\/","name":"Rehabot - Neurological Rehabilitation in Malaga","description":"Rehabilitaci\u00f3n Neurol\u00f3gica en la Costa del Sol","publisher":{"@id":"https:\/\/rehabot.es\/#organization"},"potentialAction":[{"@type":"SearchAction","target":{"@type":"EntryPoint","urlTemplate":"https:\/\/rehabot.es\/?s={search_term_string}"},"query-input":{"@type":"PropertyValueSpecification","valueRequired":true,"valueName":"search_term_string"}}],"inLanguage":"es"},{"@type":"Organization","@id":"https:\/\/rehabot.es\/#organization","name":"Rehabot - Neurological Rehabilitation in Malaga","alternateName":"Rehabot - Occupational Therapist Rehabilitation in Malaga","url":"https:\/\/rehabot.es\/","logo":{"@type":"ImageObject","inLanguage":"es","@id":"https:\/\/rehabot.es\/#\/schema\/logo\/image\/","url":"https:\/\/rehabot.es\/wp-content\/uploads\/2021\/07\/icono.png","contentUrl":"https:\/\/rehabot.es\/wp-content\/uploads\/2021\/07\/icono.png","width":80,"height":76,"caption":"Rehabot - Neurological Rehabilitation in Malaga"},"image":{"@id":"https:\/\/rehabot.es\/#\/schema\/logo\/image\/"}},{"@type":"Person","@id":"https:\/\/rehabot.es\/#\/schema\/person\/21e3d781d53c09dadc3f1c67fb2cca81","name":"Marcos James Penfold","image":{"@type":"ImageObject","inLanguage":"es","@id":"https:\/\/rehabot.es\/wp-content\/uploads\/2023\/08\/cropped-marcos-penfold-terapueta-ocupacional-96x96.webp","url":"https:\/\/rehabot.es\/wp-content\/uploads\/2023\/08\/cropped-marcos-penfold-terapueta-ocupacional-96x96.webp","contentUrl":"https:\/\/rehabot.es\/wp-content\/uploads\/2023\/08\/cropped-marcos-penfold-terapueta-ocupacional-96x96.webp","caption":"Marcos James Penfold"},"description":"Marcos James Penfold, CEO of Rehab OT. Born in Marbella with British blood. Lover of the world of health and involved with his patients through the reinstatement of skills or abilities. He shows a functional vision of the patient and his occupational performance on a daily basis. Marcos James Penfold, CEO de Rehab OT. Nacido en Marbella con sangre brit\u00e1nica. Amante del mundo de la salud e implicado con sus pacientes mediante la reinstauraci\u00f3n de capacidades o habilidades. Muestra una visi\u00f3n funcional del paciente y de su desempe\u00f1o ocupacional en el d\u00eda a d\u00eda.","sameAs":["http:\/\/rehabot.es"],"url":"https:\/\/rehabot.es\/es\/author\/marcos\/"}]}},"_links":{"self":[{"href":"https:\/\/rehabot.es\/es\/wp-json\/wp\/v2\/posts\/19716","targetHints":{"allow":["GET"]}}],"collection":[{"href":"https:\/\/rehabot.es\/es\/wp-json\/wp\/v2\/posts"}],"about":[{"href":"https:\/\/rehabot.es\/es\/wp-json\/wp\/v2\/types\/post"}],"author":[{"embeddable":true,"href":"https:\/\/rehabot.es\/es\/wp-json\/wp\/v2\/users\/2"}],"replies":[{"embeddable":true,"href":"https:\/\/rehabot.es\/es\/wp-json\/wp\/v2\/comments?post=19716"}],"version-history":[{"count":2,"href":"https:\/\/rehabot.es\/es\/wp-json\/wp\/v2\/posts\/19716\/revisions"}],"predecessor-version":[{"id":19718,"href":"https:\/\/rehabot.es\/es\/wp-json\/wp\/v2\/posts\/19716\/revisions\/19718"}],"wp:featuredmedia":[{"embeddable":true,"href":"https:\/\/rehabot.es\/es\/wp-json\/wp\/v2\/media\/15298"}],"wp:attachment":[{"href":"https:\/\/rehabot.es\/es\/wp-json\/wp\/v2\/media?parent=19716"}],"wp:term":[{"taxonomy":"category","embeddable":true,"href":"https:\/\/rehabot.es\/es\/wp-json\/wp\/v2\/categories?post=19716"},{"taxonomy":"post_tag","embeddable":true,"href":"https:\/\/rehabot.es\/es\/wp-json\/wp\/v2\/tags?post=19716"}],"curies":[{"name":"wp","href":"https:\/\/api.w.org\/{rel}","templated":true}]}}